{"id":248025,"date":"2023-08-09T13:18:54","date_gmt":"2023-08-09T17:18:54","guid":{"rendered":"https:\/\/www.ocorreionews.com.br\/acervo-correio\/?p=248025"},"modified":"2023-08-09T13:18:54","modified_gmt":"2023-08-09T17:18:54","slug":"2a-edicao-da-feira-lilas-promove-diversas-atracoes-em-costa-rica-neste-sabado","status":"publish","type":"post","link":"https:\/\/www.ocorreionews.com.br\/acervo-correio\/?p=248025","title":{"rendered":"2\u00aa edi\u00e7\u00e3o da Feira Lil\u00e1s promove diversas atra\u00e7\u00f5es em Costa Rica neste s\u00e1bado"},"content":{"rendered":"<div class=\"ntc_cont_descricao_noticia sw_txteditor\">No pr\u00f3ximo s\u00e1bado, 12 de agosto, o Centro de Eventos Ramez Tebet, em Costa Rica, ser\u00e1 palco da 2\u00aa edi\u00e7\u00e3o da Feira Lil\u00e1s. O evento, organizado pela Prefeitura de Costa Rica por interm\u00e9dio da Secretaria de Pol\u00edticas P\u00fablicas para as Mulheres, tem como objetivo promover o empoderamento feminino e oferecer oportunidades de crescimento e desenvolvimento para as mulheres empreendedoras e microempreendedoras da regi\u00e3o. A entrada \u00e9 franca e aberta para todos os p\u00fablicos.<\/p>\n<p>A programa\u00e7\u00e3o da feira ter\u00e1 in\u00edcio \u00e0s 9h e contar\u00e1 com diversas atividades e atra\u00e7\u00f5es culturais. A abertura contar\u00e1 com a presen\u00e7a do prefeito, delegado Cleverson Alves dos Santos, e vereadores, demonstrando o apoio do governo municipal para a causa da igualdade de g\u00eanero e o fortalecimento das mulheres na sociedade.<\/p>\n<p>Logo em seguida, o Grupo de Dan\u00e7as do Projeto Conviver (Centro de Conviv\u00eancia do Idoso) apresentar\u00e1 uma performance de Gin\u00e1stica Laboral, seguido pela Banda Municipal Laerte Souza da Costa, o Projeto Florestinha e uma apresenta\u00e7\u00e3o de Bal\u00e9.<\/p>\n<p>A partir das 10h, ter\u00e3o in\u00edcio as palestras e atividades voltadas para o empreendedorismo feminino. O Banco do Brasil ministrar\u00e1 uma palestra sobre linhas de cr\u00e9dito e financiamento, direcionada para empreendedoras e microempreendedoras interessadas em expandir seus neg\u00f3cios. Em seguida, o SEBRAE abordar\u00e1 o tema do empreendedorismo feminino, fornecendo informa\u00e7\u00f5es e dicas para mulheres que desejam iniciar ou melhorar seus empreendimentos.<\/p>\n<p>Para os participantes que desejarem recarregar as energias durante o evento, ser\u00e1 oferecido um almo\u00e7o beneficente de feijoada, servido pela APAE (Associa\u00e7\u00e3o de Pais e Amigos dos Excepcionais). Os ingressos para esse almo\u00e7o ter\u00e3o o valor de R$ 40, e toda a renda ser\u00e1 destinada \u00e0 institui\u00e7\u00e3o.<\/p>\n<p>Das 14 \u00e0s 16h haver\u00e1 o show com o Grupo Sampri, formado pelas irm\u00e3s de sangue e profiss\u00e3o, Renatinha, Magally e Luciana nascidas e criadas em Campo Grande\/MS, com repert\u00f3rio que mistura cl\u00e1ssicos da m\u00fasica popular brasileira, composi\u00e7\u00f5es pr\u00f3prias e o samba\u00a0de raiz maroto. Assim \u00e9 a ess\u00eancia do Grupo Sampri, que celebra 20 anos de carreira. A hist\u00f3ria come\u00e7ou numa roda de pagode\u00a0em um fundo de quintal, junto com a vontade de fazer m\u00fasica de qualidade regrada ao som de instrumentos como pandeiro, cavaquinho e viol\u00e3o.<\/p>\n<p>Durante todo o evento, os visitantes tamb\u00e9m poder\u00e3o apreciar uma exposi\u00e7\u00e3o de artesanatos, valorizando o talento e a criatividade das mulheres da regi\u00e3o. Essa exposi\u00e7\u00e3o \u00e9 uma maneira de incentivar e promover o trabalho manual e art\u00edstico das mulheres, gerando visibilidade e reconhecimento para suas habilidades.<\/p>\n<p>A Feira Lil\u00e1s tem como objetivo principal fortalecer e empoderar as mulheres empreendedoras e microempreendedoras de Costa Rica, incentivando o crescimento econ\u00f4mico e social. Al\u00e9m disso, o evento busca conscientizar a sociedade sobre a import\u00e2ncia da igualdade de g\u00eanero e a necessidade de pol\u00edticas p\u00fablicas que apoiem e promovam a participa\u00e7\u00e3o das mulheres em todos os setores da sociedade.<\/p>\n<p>A secret\u00e1ria de Pol\u00edticas P\u00fablicas para as Mulheres e primeira-dama, M\u00e1rcia Alves, convida a todos para prestigiarem o evento.<\/p>\n<p>\u201cCom um programa diversificado e atividades que buscam promover o empoderamento e o crescimento das mulheres, a 2\u00aa edi\u00e7\u00e3o da Feira Lil\u00e1s promete ser um evento marcante e inspirador em Costa Rica. A participa\u00e7\u00e3o de empreendedoras, microempreendedoras e da comunidade em geral \u00e9 fundamental para fortalecer a causa e demonstrar o apoio \u00e0 luta pela igualdade de g\u00eanero e pelo empoderamento feminino\u201d, destaca.<\/p>\n<p>Confira a programa\u00e7\u00e3o:<\/p><\/div>\n<ul>\n<li class=\"ntc_cont_descricao_noticia sw_txteditor\">9h \u2013 Abertura oficial.<\/li>\n<li class=\"ntc_cont_descricao_noticia sw_txteditor\">9h15 \u2013 Apresenta\u00e7\u00f5es Culturais:<\/li>\n<\/ul>\n<ol>\n<li>\u00a0\u2013 Grupo de Dan\u00e7as \u2013 Projeto Conviver c\/ Gin\u00e1stica Laboral;<\/li>\n<li>\u00a0\u2013 Banda Municipal Laerte Souza da Costa,<\/li>\n<li>\u00a0\u2013 Projeto Florestinha e 4\u00aa \u2013 Bal\u00e9.<\/li>\n<\/ol>\n<ul>\n<li>\u00a010h \u2013 Aula de Zumba.<\/li>\n<li>10h \u2013 Inicio palestras: Linhas de Cr\u00e9dito e Financiamento \u2013 Banco do Brasil p\/ Empreendedoras e Microempreendedoras;<\/li>\n<li>10h30 \u2013 Palestra: Empreendedorismo Feminino \u2013 SEBRAE p\/ Empreendedoras e Microempreendedoras;<\/li>\n<li>11h30 \u2013 Almo\u00e7o \u2013 Feijoada Beneficente, servida pela APAE (ingressos R$ 40);<\/li>\n<li>14 \u00e0s 16h \u2013 Show de Samba Grupo Sampri de Campo Grande.\n<p><img loading=\"lazy\" decoding=\"async\" class=\"shrinkToFit\" src=\"https:\/\/www.costarica.ms.gov.br\/fotos\/c1432ebf3b6d036d7102f2c861386f26.jpg\" alt=\"https:\/\/www.costarica.ms.gov.br\/fotos\/c1432ebf3b6d036d7102f2c861386f26.jpg\" width=\"345\" height=\"615\" \/><\/li>\n<\/ul>\n<div class=\"ntc_area_info_noticia sw_lato\">\n<div>\n<div class=\"ntc_info_noticia\"><strong class=\"sw_lato_black\">Fonte: <\/strong>Assessoria de Comunica\u00e7\u00e3o \/ PMCR &#8211; <strong class=\"sw_lato_black\">\u00a0<\/strong>Silvestre de Castro<\/div>\n<\/div>\n<\/div>\n","protected":false},"excerpt":{"rendered":"<p>No pr\u00f3ximo s\u00e1bado, 12 de agosto, o Centro de Eventos Ramez Tebet, em Costa Rica, ser\u00e1 palco da 2\u00aa edi\u00e7\u00e3o da Feira Lil\u00e1s. O evento, organizado pela Prefeitura de Costa Rica por interm\u00e9dio da Secretaria de Pol\u00edticas P\u00fablicas para as Mulheres, tem como objetivo promover o empoderamento feminino e oferecer oportunidades de crescimento e desenvolvimento [&hellip;]<\/p>\n","protected":false},"author":5,"featured_media":224676,"comment_status":"closed","ping_status":"closed","sticky":false,"template":"","format":"standard","meta":{"footnotes":""},"categories":[25],"tags":[],"class_list":["post-248025","post","type-post","status-publish","format-standard","has-post-thumbnail","hentry","category-costa-rica"],"_links":{"self":[{"href":"https:\/\/www.ocorreionews.com.br\/acervo-correio\/index.php?rest_route=\/wp\/v2\/posts\/248025","targetHints":{"allow":["GET"]}}],"collection":[{"href":"https:\/\/www.ocorreionews.com.br\/acervo-correio\/index.php?rest_route=\/wp\/v2\/posts"}],"about":[{"href":"https:\/\/www.ocorreionews.com.br\/acervo-correio\/index.php?rest_route=\/wp\/v2\/types\/post"}],"author":[{"embeddable":true,"href":"https:\/\/www.ocorreionews.com.br\/acervo-correio\/index.php?rest_route=\/wp\/v2\/users\/5"}],"replies":[{"embeddable":true,"href":"https:\/\/www.ocorreionews.com.br\/acervo-correio\/index.php?rest_route=%2Fwp%2Fv2%2Fcomments&post=248025"}],"version-history":[{"count":1,"href":"https:\/\/www.ocorreionews.com.br\/acervo-correio\/index.php?rest_route=\/wp\/v2\/posts\/248025\/revisions"}],"predecessor-version":[{"id":248026,"href":"https:\/\/www.ocorreionews.com.br\/acervo-correio\/index.php?rest_route=\/wp\/v2\/posts\/248025\/revisions\/248026"}],"wp:featuredmedia":[{"embeddable":true,"href":"https:\/\/www.ocorreionews.com.br\/acervo-correio\/index.php?rest_route=\/wp\/v2\/media\/224676"}],"wp:attachment":[{"href":"https:\/\/www.ocorreionews.com.br\/acervo-correio\/index.php?rest_route=%2Fwp%2Fv2%2Fmedia&parent=248025"}],"wp:term":[{"taxonomy":"category","embeddable":true,"href":"https:\/\/www.ocorreionews.com.br\/acervo-correio\/index.php?rest_route=%2Fwp%2Fv2%2Fcategories&post=248025"},{"taxonomy":"post_tag","embeddable":true,"href":"https:\/\/www.ocorreionews.com.br\/acervo-correio\/index.php?rest_route=%2Fwp%2Fv2%2Ftags&post=248025"}],"curies":[{"name":"wp","href":"https:\/\/api.w.org\/{rel}","templated":true}]}}