{"id":24804,"date":"2016-04-08T07:58:37","date_gmt":"2016-04-08T11:58:37","guid":{"rendered":"https:\/\/ocorreionews.com.br\/?p=24804"},"modified":"2016-04-08T07:58:37","modified_gmt":"2016-04-08T11:58:37","slug":"com-14-vitimas-dengue-ja-matou-de-recem-nascido-a-idoso-este-ano-em-ms","status":"publish","type":"post","link":"https:\/\/www.ocorreionews.com.br\/acervo-correio\/?p=24804","title":{"rendered":"Com 14 v\u00edtimas, dengue j\u00e1 matou de rec\u00e9m-nascido a idoso este ano em MS"},"content":{"rendered":"<div class=\"bloco_texto_span\">\n<p>Boletim epidemiol\u00f3gico divulgado nesta quinta-feira (7) pela SES (Secretaria Estadual de Sa\u00fade) revela que 14 pessoas j\u00e1 morreram por dengue em Mato Grosso do Sul de janeiro at\u00e9 agora. Os \u00faltimos cinco casos confirmados somente na \u00faltima semana foram todos registrados na cidade de Ponta Por\u00e3, a 323 quil\u00f4metros de Campo Grande. Entre as v\u00edtimas\u00a0est\u00e3o um beb\u00ea de quatro meses e uma mulher de 101 anos.<\/p>\n<p class=\"veja_mais_simples\">De acordo com a Secretaria, os cinco \u00f3bitos ocorreram de 20 de janeiro e 14 de mar\u00e7o e s\u00f3 foram confirmados nesta semana por conta de um atraso na verifica\u00e7\u00e3o dos exames laboratoriais pela Secretaria Municipal de Sa\u00fade do munic\u00edpio de Ponta Por\u00e3.<\/p>\n<p>Entre as v\u00edtimas est\u00e3o tr\u00eas mulheres: de 25, 84 e 101 anos; um homem de 77 anos e uma menina de quatro meses de idade.<\/p>\n<p>Conforme o boletim, os outros nove \u00f3bitos ocorram em Campo Grande ( tr\u00eas), Dourados (tr\u00eas), Coxim (um), e dois tamb\u00e9m em Ponta Por\u00e3.<\/p>\n<p>No ultima semana, 1.623 casos foram notificados no Estado. De janeiro at\u00e9 hoje, foram registrados 46.943 casos suspeitos. Dos 79 munic\u00edpios do Estado, 638 apresentam alta incid\u00eancia para a dengue. Apenas o munic\u00edpio de Inoc\u00eancia apresenta baixa incid\u00eancia da doen\u00e7a.<\/p>\n<\/div>\n<p>&nbsp;<\/p>\n<p>Campo Grande News<\/p>\n","protected":false},"excerpt":{"rendered":"<p>Boletim epidemiol\u00f3gico divulgado nesta quinta-feira (7) pela SES (Secretaria Estadual de Sa\u00fade) revela que 14 pessoas j\u00e1 morreram por dengue em Mato Grosso do Sul de janeiro at\u00e9 agora. Os \u00faltimos cinco casos confirmados somente na \u00faltima semana foram todos registrados na cidade de Ponta Por\u00e3, a 323 quil\u00f4metros de Campo Grande. Entre as v\u00edtimas\u00a0est\u00e3o [&hellip;]<\/p>\n","protected":false},"author":4,"featured_media":1703,"comment_status":"closed","ping_status":"closed","sticky":false,"template":"","format":"standard","meta":{"footnotes":""},"categories":[39],"tags":[],"class_list":["post-24804","post","type-post","status-publish","format-standard","has-post-thumbnail","hentry","category-saude"],"_links":{"self":[{"href":"https:\/\/www.ocorreionews.com.br\/acervo-correio\/index.php?rest_route=\/wp\/v2\/posts\/24804","targetHints":{"allow":["GET"]}}],"collection":[{"href":"https:\/\/www.ocorreionews.com.br\/acervo-correio\/index.php?rest_route=\/wp\/v2\/posts"}],"about":[{"href":"https:\/\/www.ocorreionews.com.br\/acervo-correio\/index.php?rest_route=\/wp\/v2\/types\/post"}],"author":[{"embeddable":true,"href":"https:\/\/www.ocorreionews.com.br\/acervo-correio\/index.php?rest_route=\/wp\/v2\/users\/4"}],"replies":[{"embeddable":true,"href":"https:\/\/www.ocorreionews.com.br\/acervo-correio\/index.php?rest_route=%2Fwp%2Fv2%2Fcomments&post=24804"}],"version-history":[{"count":0,"href":"https:\/\/www.ocorreionews.com.br\/acervo-correio\/index.php?rest_route=\/wp\/v2\/posts\/24804\/revisions"}],"wp:featuredmedia":[{"embeddable":true,"href":"https:\/\/www.ocorreionews.com.br\/acervo-correio\/index.php?rest_route=\/wp\/v2\/media\/1703"}],"wp:attachment":[{"href":"https:\/\/www.ocorreionews.com.br\/acervo-correio\/index.php?rest_route=%2Fwp%2Fv2%2Fmedia&parent=24804"}],"wp:term":[{"taxonomy":"category","embeddable":true,"href":"https:\/\/www.ocorreionews.com.br\/acervo-correio\/index.php?rest_route=%2Fwp%2Fv2%2Fcategories&post=24804"},{"taxonomy":"post_tag","embeddable":true,"href":"https:\/\/www.ocorreionews.com.br\/acervo-correio\/index.php?rest_route=%2Fwp%2Fv2%2Ftags&post=24804"}],"curies":[{"name":"wp","href":"https:\/\/api.w.org\/{rel}","templated":true}]}}