{"id":248073,"date":"2023-08-10T06:05:11","date_gmt":"2023-08-10T10:05:11","guid":{"rendered":"https:\/\/www.ocorreionews.com.br\/acervo-correio\/?p=248073"},"modified":"2023-08-10T06:07:47","modified_gmt":"2023-08-10T10:07:47","slug":"apos-15-anos-embrapa-abrira-concurso-com-890-vagas","status":"publish","type":"post","link":"https:\/\/www.ocorreionews.com.br\/acervo-correio\/?p=248073","title":{"rendered":"Ap\u00f3s 15 anos, Embrapa abrir\u00e1 concurso com 890 vagas"},"content":{"rendered":"<p>Embrapa (Empresa Brasileira de Pesquisa Agropecu\u00e1ria) abrir\u00e1 concurso pela primeira vez ap\u00f3s 15 anos, informou a presidente da institui\u00e7\u00e3o, Silvia Massruh\u00e1, em entrevista \u00e0 imprensa nacional na tarde desta quarta-feira (9). O in\u00edcio das inscri\u00e7\u00f5es est\u00e1 previsto para o primeiro semestre de 2024.<\/p>\n<p>De acordo com a gestora, o concurso j\u00e1 est\u00e1 aprovado pelo Governo Federal e pode ofertar at\u00e9 890 vagas que ser\u00e3o distribu\u00eddas entre 2024 e 2027. As novas posi\u00e7\u00f5es ser\u00e3o para cargos de t\u00e9cnico, analista e pesquisador, cujo sal\u00e1rio varia entre R$ 4 mil a R$ 11 mil.<\/p>\n<p>Vale ressaltar que o \u00faltimo concurso da institui\u00e7\u00e3o ocorreu em 2009, com chamadas realizadas at\u00e9 2024. Massruh\u00e1 comentou que a abertura de novas vagas \u00e9 importante ap\u00f3s cortes de recursos e desligamentos de funcion\u00e1rios nos \u00faltimos anos.<\/p>\n<p>&#8220;A Embrapa teve um programa de demiss\u00e3o volunt\u00e1ria em 2019. Sa\u00edram algumas pessoas que j\u00e1 estavam para se aposentar. No total, mais de 1.100 funcion\u00e1rios foram dispensados&#8221;, destacou.<\/p>\n<p><strong>Campo Grande News<\/strong><\/p>\n","protected":false},"excerpt":{"rendered":"<p>Embrapa (Empresa Brasileira de Pesquisa Agropecu\u00e1ria) abrir\u00e1 concurso pela primeira vez ap\u00f3s 15 anos, informou a presidente da institui\u00e7\u00e3o, Silvia Massruh\u00e1, em entrevista \u00e0 imprensa nacional na tarde desta quarta-feira (9). O in\u00edcio das inscri\u00e7\u00f5es est\u00e1 previsto para o primeiro semestre de 2024. De acordo com a gestora, o concurso j\u00e1 est\u00e1 aprovado pelo Governo [&hellip;]<\/p>\n","protected":false},"author":4,"featured_media":248074,"comment_status":"closed","ping_status":"closed","sticky":false,"template":"","format":"standard","meta":{"footnotes":""},"categories":[17],"tags":[],"class_list":["post-248073","post","type-post","status-publish","format-standard","has-post-thumbnail","hentry","category-agropecuaria"],"_links":{"self":[{"href":"https:\/\/www.ocorreionews.com.br\/acervo-correio\/index.php?rest_route=\/wp\/v2\/posts\/248073","targetHints":{"allow":["GET"]}}],"collection":[{"href":"https:\/\/www.ocorreionews.com.br\/acervo-correio\/index.php?rest_route=\/wp\/v2\/posts"}],"about":[{"href":"https:\/\/www.ocorreionews.com.br\/acervo-correio\/index.php?rest_route=\/wp\/v2\/types\/post"}],"author":[{"embeddable":true,"href":"https:\/\/www.ocorreionews.com.br\/acervo-correio\/index.php?rest_route=\/wp\/v2\/users\/4"}],"replies":[{"embeddable":true,"href":"https:\/\/www.ocorreionews.com.br\/acervo-correio\/index.php?rest_route=%2Fwp%2Fv2%2Fcomments&post=248073"}],"version-history":[{"count":2,"href":"https:\/\/www.ocorreionews.com.br\/acervo-correio\/index.php?rest_route=\/wp\/v2\/posts\/248073\/revisions"}],"predecessor-version":[{"id":248077,"href":"https:\/\/www.ocorreionews.com.br\/acervo-correio\/index.php?rest_route=\/wp\/v2\/posts\/248073\/revisions\/248077"}],"wp:featuredmedia":[{"embeddable":true,"href":"https:\/\/www.ocorreionews.com.br\/acervo-correio\/index.php?rest_route=\/wp\/v2\/media\/248074"}],"wp:attachment":[{"href":"https:\/\/www.ocorreionews.com.br\/acervo-correio\/index.php?rest_route=%2Fwp%2Fv2%2Fmedia&parent=248073"}],"wp:term":[{"taxonomy":"category","embeddable":true,"href":"https:\/\/www.ocorreionews.com.br\/acervo-correio\/index.php?rest_route=%2Fwp%2Fv2%2Fcategories&post=248073"},{"taxonomy":"post_tag","embeddable":true,"href":"https:\/\/www.ocorreionews.com.br\/acervo-correio\/index.php?rest_route=%2Fwp%2Fv2%2Ftags&post=248073"}],"curies":[{"name":"wp","href":"https:\/\/api.w.org\/{rel}","templated":true}]}}