{"id":248078,"date":"2023-08-10T07:10:23","date_gmt":"2023-08-10T11:10:23","guid":{"rendered":"https:\/\/www.ocorreionews.com.br\/acervo-correio\/?p=248078"},"modified":"2023-08-10T07:10:23","modified_gmt":"2023-08-10T11:10:23","slug":"prefeito-dalmy-acompanha-historiador-da-fcms-em-sitios-arqueologicos","status":"publish","type":"post","link":"https:\/\/www.ocorreionews.com.br\/acervo-correio\/?p=248078","title":{"rendered":"Prefeito Dalmy acompanha Historiador da FCMS em s\u00edtios arqueol\u00f3gicos."},"content":{"rendered":"<p>O Prefeito de Alcin\u00f3polis Dalmy Cris\u00f3stomo essa semana acompanhou o Historiador e Coordenador do Arquivo P\u00fablico Estadual de MS da FCMS (Funda\u00e7\u00e3o de Cultura de MS), professor Douglas Alves da Silva, em alguns s\u00edtios arqueol\u00f3gicos.<\/p>\n<p>Durante as visitas o prefeito e o professor Douglas conversaram sobre as Hist\u00f3rias e futuros projetos para o munic\u00edpio, conversaram sobre projetos que ser\u00e3o desenvolvidos nos s\u00edtios.<\/p>\n<h3><img decoding=\"async\" src=\"https:\/\/regionalms.com.br\/conteudo\/regionalms\/upp\/articles\/2022-08\/Visita01.jpg\" alt=\"\" width=\"100%\" \/><\/h3>\n<p>Douglas ficou encantado com as inscri\u00e7\u00f5es e com os s\u00edtios do munic\u00edpio, ele disse que Alcin\u00f3polis est\u00e1 com uma grande porta para futuras ag\u00eancias de turismo, que o munic\u00edpio tem um enorme potencial tur\u00edstico na Arqueologia, caminhada no cerrado, uma natureza incompar\u00e1vel, chegou a cidade percebeu que a popula\u00e7\u00e3o \u00e9 hospitaleira, isso \u00e9 muito bom, que os turistas hoje est\u00e3o procurando esse tipo de ambiente, cidade pequena e cheia de alegria.<\/p>\n<h3><img decoding=\"async\" src=\"https:\/\/regionalms.com.br\/conteudo\/regionalms\/upp\/articles\/2021-10\/Caverna.jpg\" alt=\"\" width=\"100%\" \/><\/h3>\n<p>A visita ocorre como acompanhamento do projeto &#8220;Alcin\u00f3polis: uma galeria natural de arte rupestre&#8221;, coordenado por Marcos Ant\u00f4nio dos Reis, o Marc\u00e3o.<\/p>\n<p>Projeto proposto por Marc\u00e3o foi contemplado com recursos do Fundo de Investimentos Culturais de Mato Grosso do Sul, o FIC da Funda\u00e7\u00e3o de Cultura de MS.<\/p>\n<p>Com um projeto inovador e equipe t\u00e9cnica composta por profissionais renomados, Marc\u00e3o lan\u00e7a o livro &#8220;Alcin\u00f3polis: uma galeria natural de arte rupestre&#8221; sob sua organiza\u00e7\u00e3o e com a colabora\u00e7\u00e3o de nomes importantes para a arqueologia de Mato Grosso do Sul, como Gilson Rodolfo Martins, Em\u00edlia Mariko Kashimoto, Laura Roseli Pael Duarte e Lia Raquel Toledo Brambilla Gasques.<\/p>\n<p>O lan\u00e7amento ocorrera do Museu de Arqueologia da UFMS no pr\u00f3ximo dia 20 de setembro, em Campo Grande.<\/p>\n<h3><img decoding=\"async\" src=\"https:\/\/regionalms.com.br\/conteudo\/regionalms\/upp\/articles\/2022-02\/Visita03.jpg\" alt=\"\" width=\"100%\" \/><\/h3>\n<p>&nbsp;<\/p>\n","protected":false},"excerpt":{"rendered":"<p>O Prefeito de Alcin\u00f3polis Dalmy Cris\u00f3stomo essa semana acompanhou o Historiador e Coordenador do Arquivo P\u00fablico Estadual de MS da FCMS (Funda\u00e7\u00e3o de Cultura de MS), professor Douglas Alves da Silva, em alguns s\u00edtios arqueol\u00f3gicos. Durante as visitas o prefeito e o professor Douglas conversaram sobre as Hist\u00f3rias e futuros projetos para o munic\u00edpio, conversaram [&hellip;]<\/p>\n","protected":false},"author":4,"featured_media":248079,"comment_status":"closed","ping_status":"closed","sticky":false,"template":"","format":"standard","meta":{"footnotes":""},"categories":[18],"tags":[],"class_list":["post-248078","post","type-post","status-publish","format-standard","has-post-thumbnail","hentry","category-alcinopolis"],"_links":{"self":[{"href":"https:\/\/www.ocorreionews.com.br\/acervo-correio\/index.php?rest_route=\/wp\/v2\/posts\/248078","targetHints":{"allow":["GET"]}}],"collection":[{"href":"https:\/\/www.ocorreionews.com.br\/acervo-correio\/index.php?rest_route=\/wp\/v2\/posts"}],"about":[{"href":"https:\/\/www.ocorreionews.com.br\/acervo-correio\/index.php?rest_route=\/wp\/v2\/types\/post"}],"author":[{"embeddable":true,"href":"https:\/\/www.ocorreionews.com.br\/acervo-correio\/index.php?rest_route=\/wp\/v2\/users\/4"}],"replies":[{"embeddable":true,"href":"https:\/\/www.ocorreionews.com.br\/acervo-correio\/index.php?rest_route=%2Fwp%2Fv2%2Fcomments&post=248078"}],"version-history":[{"count":1,"href":"https:\/\/www.ocorreionews.com.br\/acervo-correio\/index.php?rest_route=\/wp\/v2\/posts\/248078\/revisions"}],"predecessor-version":[{"id":248080,"href":"https:\/\/www.ocorreionews.com.br\/acervo-correio\/index.php?rest_route=\/wp\/v2\/posts\/248078\/revisions\/248080"}],"wp:featuredmedia":[{"embeddable":true,"href":"https:\/\/www.ocorreionews.com.br\/acervo-correio\/index.php?rest_route=\/wp\/v2\/media\/248079"}],"wp:attachment":[{"href":"https:\/\/www.ocorreionews.com.br\/acervo-correio\/index.php?rest_route=%2Fwp%2Fv2%2Fmedia&parent=248078"}],"wp:term":[{"taxonomy":"category","embeddable":true,"href":"https:\/\/www.ocorreionews.com.br\/acervo-correio\/index.php?rest_route=%2Fwp%2Fv2%2Fcategories&post=248078"},{"taxonomy":"post_tag","embeddable":true,"href":"https:\/\/www.ocorreionews.com.br\/acervo-correio\/index.php?rest_route=%2Fwp%2Fv2%2Ftags&post=248078"}],"curies":[{"name":"wp","href":"https:\/\/api.w.org\/{rel}","templated":true}]}}