{"id":248081,"date":"2023-08-10T07:41:25","date_gmt":"2023-08-10T11:41:25","guid":{"rendered":"https:\/\/www.ocorreionews.com.br\/acervo-correio\/?p=248081"},"modified":"2023-08-10T07:41:25","modified_gmt":"2023-08-10T11:41:25","slug":"prefeito-dalmy-crisostomo-esteve-em-audiencia-na-sanesul","status":"publish","type":"post","link":"https:\/\/www.ocorreionews.com.br\/acervo-correio\/?p=248081","title":{"rendered":"Prefeito Dalmy Cris\u00f3stomo esteve em audi\u00eancia na Sanesul"},"content":{"rendered":"<p style=\"text-align: justify;\"><em>O prefeito municipal de Alcin\u00f3polis Dalmy Cris\u00f3stomo, esteve em reuni\u00e3o na sede da Sanesul, para fazer a entrega a diretoria da as matr\u00edculas dos 02 (dois) terrenos que ser\u00e3o cedidos para a instala\u00e7\u00e3o da empresa no n\u00facleo empresarial Thiago Carneiro Pereira.<\/em><\/p>\n<p style=\"text-align: justify;\"><em>A presente reuni\u00e3o teve a presen\u00e7a da Gerente Regional, Ana Paula, Diretor do Departamento de Meio Ambiente (DEMAM), Leopoldo, Gerente Helton, Gerente Eder, diretor (DCO), Madson Roberto, engenheiro Thiago e nosso assessor jur\u00eddico, Dr Eliton. <\/em><\/p>\n<p style=\"text-align: justify;\"><em>O prefeito afirmou que \u201cEstamos estabelecendo parceria para execu\u00e7\u00e3o das obras de abastecimento de \u00e1gua e rede de esgotamento sanit\u00e1rio no n\u00facleo empresarial. Em breve, estaremos iniciando as obras juntamente com o projeto de infraestrutura, drenagem, pavimenta\u00e7\u00e3o asf\u00e1ltica, sinaliza\u00e7\u00e3o e rede de energia el\u00e9trica. Tamb\u00e9m estamos atr\u00e1s de uma parceria com a empresa Sanesul e o Banco do Brasil para resolvermos o problema do recebimento das contas de \u00e1gua, que \u00e9 uma grande preocupa\u00e7\u00e3o da administra\u00e7\u00e3o municipal, juntamente com a C\u00e2mara Municipal de vereadores. Estamos todos empenhados para resolver esse problema!\u201d<\/em><\/p>\n","protected":false},"excerpt":{"rendered":"<p>O prefeito municipal de Alcin\u00f3polis Dalmy Cris\u00f3stomo, esteve em reuni\u00e3o na sede da Sanesul, para fazer a entrega a diretoria da as matr\u00edculas dos 02 (dois) terrenos que ser\u00e3o cedidos para a instala\u00e7\u00e3o da empresa no n\u00facleo empresarial Thiago Carneiro Pereira. A presente reuni\u00e3o teve a presen\u00e7a da Gerente Regional, Ana Paula, Diretor do Departamento [&hellip;]<\/p>\n","protected":false},"author":4,"featured_media":248082,"comment_status":"closed","ping_status":"closed","sticky":false,"template":"","format":"standard","meta":{"footnotes":""},"categories":[18],"tags":[],"class_list":["post-248081","post","type-post","status-publish","format-standard","has-post-thumbnail","hentry","category-alcinopolis"],"_links":{"self":[{"href":"https:\/\/www.ocorreionews.com.br\/acervo-correio\/index.php?rest_route=\/wp\/v2\/posts\/248081","targetHints":{"allow":["GET"]}}],"collection":[{"href":"https:\/\/www.ocorreionews.com.br\/acervo-correio\/index.php?rest_route=\/wp\/v2\/posts"}],"about":[{"href":"https:\/\/www.ocorreionews.com.br\/acervo-correio\/index.php?rest_route=\/wp\/v2\/types\/post"}],"author":[{"embeddable":true,"href":"https:\/\/www.ocorreionews.com.br\/acervo-correio\/index.php?rest_route=\/wp\/v2\/users\/4"}],"replies":[{"embeddable":true,"href":"https:\/\/www.ocorreionews.com.br\/acervo-correio\/index.php?rest_route=%2Fwp%2Fv2%2Fcomments&post=248081"}],"version-history":[{"count":1,"href":"https:\/\/www.ocorreionews.com.br\/acervo-correio\/index.php?rest_route=\/wp\/v2\/posts\/248081\/revisions"}],"predecessor-version":[{"id":248083,"href":"https:\/\/www.ocorreionews.com.br\/acervo-correio\/index.php?rest_route=\/wp\/v2\/posts\/248081\/revisions\/248083"}],"wp:featuredmedia":[{"embeddable":true,"href":"https:\/\/www.ocorreionews.com.br\/acervo-correio\/index.php?rest_route=\/wp\/v2\/media\/248082"}],"wp:attachment":[{"href":"https:\/\/www.ocorreionews.com.br\/acervo-correio\/index.php?rest_route=%2Fwp%2Fv2%2Fmedia&parent=248081"}],"wp:term":[{"taxonomy":"category","embeddable":true,"href":"https:\/\/www.ocorreionews.com.br\/acervo-correio\/index.php?rest_route=%2Fwp%2Fv2%2Fcategories&post=248081"},{"taxonomy":"post_tag","embeddable":true,"href":"https:\/\/www.ocorreionews.com.br\/acervo-correio\/index.php?rest_route=%2Fwp%2Fv2%2Ftags&post=248081"}],"curies":[{"name":"wp","href":"https:\/\/api.w.org\/{rel}","templated":true}]}}