{"id":248084,"date":"2023-08-10T08:02:31","date_gmt":"2023-08-10T12:02:31","guid":{"rendered":"https:\/\/www.ocorreionews.com.br\/acervo-correio\/?p=248084"},"modified":"2023-08-10T13:40:46","modified_gmt":"2023-08-10T17:40:46","slug":"prefeitura-de-chapadao-do-sul-inicia-coleta-seletiva-de-reciclaveis-nos-assentamentos-rurais","status":"publish","type":"post","link":"https:\/\/www.ocorreionews.com.br\/acervo-correio\/?p=248084","title":{"rendered":"Prefeitura de Chapad\u00e3o do Sul Inicia Coleta Seletiva de Recicl\u00e1veis nos Assentamentos Rurais"},"content":{"rendered":"<p style=\"font-weight: 400;\">O Executivo Municipal de Chapad\u00e3o do Sul, por meio da Secretaria Municipal de Desenvolvimento Econ\u00f4mico e Meio Ambiente (SEDEMA), est\u00e1 dando um importante passo em dire\u00e7\u00e3o \u00e0 preserva\u00e7\u00e3o do meio ambiente e \u00e0 promo\u00e7\u00e3o da sustentabilidade. A partir da pr\u00f3xima sexta-feira, ter\u00e1 in\u00edcio a coleta seletiva de recicl\u00e1veis nos assentamentos rurais do munic\u00edpio, visando a conscientiza\u00e7\u00e3o e o engajamento da popula\u00e7\u00e3o local em pr\u00e1ticas ecologicamente respons\u00e1veis.<\/p>\n<p style=\"font-weight: 400;\">Com o objetivo de ampliar as a\u00e7\u00f5es voltadas para a preserva\u00e7\u00e3o ambiental, a Prefeitura de Chapad\u00e3o do Sul, atrav\u00e9s da SEDEMA, estabeleceu um cronograma de coleta seletiva nos assentamentos rurais, promovendo a destina\u00e7\u00e3o correta dos res\u00edduos recicl\u00e1veis e contribuindo para a redu\u00e7\u00e3o dos impactos ambientais.<\/p>\n<p>Cronograma de Coleta Seletiva:<\/p>\n<ul>\n<li style=\"font-weight: 400;\">11 de agosto &#8211; Assentamento Pedra Branca<\/li>\n<li style=\"font-weight: 400;\">12 de agosto &#8211; Assentamento Aroeira<\/li>\n<li style=\"font-weight: 400;\">15 de setembro &#8211; Assentamento Pedra Branca<\/li>\n<li style=\"font-weight: 400;\">20 de outubro &#8211; Assentamento Pedra Branca<\/li>\n<li style=\"font-weight: 400;\">21 de outubro &#8211; Assentamento Aroeira<\/li>\n<li style=\"font-weight: 400;\">17 de novembro &#8211; Assentamento Pedra Branca<\/li>\n<li style=\"font-weight: 400;\">8 de dezembro &#8211; Assentamento Pedra Branca<\/li>\n<li style=\"font-weight: 400;\">9 de dezembro &#8211; Assentamento Aroeira<\/li>\n<\/ul>\n<p style=\"font-weight: 400;\">A coleta seletiva ser\u00e1 realizada em dias espec\u00edficos, conforme o cronograma acima, abrangendo os assentamentos Pedra Branca e Aroeira. \u00c9 fundamental que os moradores dessas comunidades fiquem atentos \u00e0s datas e separem corretamente seus materiais recicl\u00e1veis, contribuindo assim para um ambiente mais limpo e saud\u00e1vel.<\/p>\n<p style=\"font-weight: 400;\">A Prefeitura solicita que os moradores separem o lixo recicl\u00e1vel do lixo org\u00e2nico e coloquem em sacolas pl\u00e1sticas separadas. Os recicl\u00e1veis podem ser:<\/p>\n<ul>\n<li style=\"font-weight: 400;\">Papel<\/li>\n<li style=\"font-weight: 400;\">Pl\u00e1stico<\/li>\n<li style=\"font-weight: 400;\">Metal<\/li>\n<li style=\"font-weight: 400;\">Vidro<\/li>\n<\/ul>\n<p style=\"font-weight: 400;\">O lixo recicl\u00e1vel pode ser separado em cinco categorias:<\/p>\n<ul>\n<li style=\"font-weight: 400;\">Papel: jornais, revistas, pap\u00e9is de carta, embalagens de papel\u00e3o.<\/li>\n<li style=\"font-weight: 400;\">Pl\u00e1stico: garrafas PET, embalagens de pl\u00e1stico, sacos pl\u00e1sticos, canudos, copos pl\u00e1sticos, papel\u00e3o.<\/li>\n<li style=\"font-weight: 400;\">Metal: latas de alum\u00ednio, latas de a\u00e7o, tampinhas de metal.<\/li>\n<li style=\"font-weight: 400;\">Vidro: garrafas de vidro, potes de vidro, frascos de vidro.<\/li>\n<\/ul>\n<p style=\"font-weight: 400;\">Para separar o lixo recicl\u00e1vel, \u00e9 importante lav\u00e1-lo e sec\u00e1-lo antes de coloc\u00e1-lo em sacolas pl\u00e1sticas separadas. O lixo org\u00e2nico deve ser colocado em sacolas pl\u00e1sticas separadas.<\/p>\n<p style=\"font-weight: 400;\">Por que separar o lixo recicl\u00e1vel?<\/p>\n<ul>\n<li style=\"font-weight: 400;\">A separa\u00e7\u00e3o do lixo recicl\u00e1vel \u00e9 importante para a preserva\u00e7\u00e3o do meio ambiente. Quando o lixo \u00e9 separado, ele pode ser reciclado e transformado em novos produtos. Isso ajuda a reduzir a quantidade de lixo que vai para os aterros sanit\u00e1rios, o que diminui a polui\u00e7\u00e3o do ar e da \u00e1gua.<\/li>\n<li style=\"font-weight: 400;\">A separa\u00e7\u00e3o do lixo recicl\u00e1vel tamb\u00e9m ajuda a economizar recursos naturais. Por exemplo, quando o papel \u00e9 reciclado, ele economiza \u00e1rvores. Quando o pl\u00e1stico \u00e9 reciclado, ele economiza petr\u00f3leo. Quando o metal \u00e9 reciclado, ele economiza min\u00e9rio.<\/li>\n<li style=\"font-weight: 400;\">Como ajudar a separar o lixo recicl\u00e1vel<\/li>\n<li style=\"font-weight: 400;\">Todos n\u00f3s podemos ajudar a separar o lixo recicl\u00e1vel. Aqui est\u00e3o algumas dicas:<\/li>\n<li style=\"font-weight: 400;\">Lave e seque o lixo recicl\u00e1vel antes de coloc\u00e1-lo em sacolas pl\u00e1sticas separadas.<\/li>\n<li style=\"font-weight: 400;\">Coloque o lixo org\u00e2nico em sacolas pl\u00e1sticas separadas.<\/li>\n<li style=\"font-weight: 400;\">Incentive seus amigos, familiares e vizinhos a separar o lixo recicl\u00e1vel.<\/li>\n<li style=\"font-weight: 400;\">A separa\u00e7\u00e3o do lixo recicl\u00e1vel \u00e9 um pequeno esfor\u00e7o que pode fazer uma grande diferen\u00e7a para o meio ambiente. Participe!<\/li>\n<\/ul>\n<p style=\"font-weight: 400;\">Para esclarecimentos e informa\u00e7\u00f5es adicionais sobre a coleta seletiva nos assentamentos rurais, a popula\u00e7\u00e3o pode entrar em contato com a SEDEMA pelo telefone (67) 3562-5672 ou atrav\u00e9s do WhatsApp pelo link:<a href=\"https:\/\/wa.me\/5567996183431\"> https:\/\/wa.me\/5567996183431<\/a>. Al\u00e9m disso, \u00e9 poss\u00edvel acompanhar as redes sociais da Prefeitura de Chapad\u00e3o do Sul e da SEDEMA para se manter atualizado(a) sobre as a\u00e7\u00f5es e iniciativas em prol do meio ambiente.<\/p>\n<p style=\"font-weight: 400;\">A Prefeitura de Chapad\u00e3o do Sul refor\u00e7a a import\u00e2ncia da participa\u00e7\u00e3o de todos nessa iniciativa, colaborando para a constru\u00e7\u00e3o de um futuro mais sustent\u00e1vel e consciente. Juntos, podemos fazer a diferen\u00e7a pelo nosso meio ambiente e pela qualidade de vida das futuras gera\u00e7\u00f5es.<\/p>\n<p style=\"font-weight: 400;\">Seja parte ativa dessa transforma\u00e7\u00e3o! Fa\u00e7a a sua parte e contribua para um Chapad\u00e3o do Sul mais verde e sustent\u00e1vel.<\/p>\n<p>&nbsp;<\/p>\n<p>&nbsp;<\/p>\n<p>Assecom PMCS<\/p>\n","protected":false},"excerpt":{"rendered":"<p>O Executivo Municipal de Chapad\u00e3o do Sul, por meio da Secretaria Municipal de Desenvolvimento Econ\u00f4mico e Meio Ambiente (SEDEMA), est\u00e1 dando um importante passo em dire\u00e7\u00e3o \u00e0 preserva\u00e7\u00e3o do meio ambiente e \u00e0 promo\u00e7\u00e3o da sustentabilidade. A partir da pr\u00f3xima sexta-feira, ter\u00e1 in\u00edcio a coleta seletiva de recicl\u00e1veis nos assentamentos rurais do munic\u00edpio, visando a [&hellip;]<\/p>\n","protected":false},"author":4,"featured_media":248085,"comment_status":"closed","ping_status":"closed","sticky":false,"template":"","format":"standard","meta":{"footnotes":""},"categories":[23],"tags":[],"class_list":["post-248084","post","type-post","status-publish","format-standard","has-post-thumbnail","hentry","category-chapadao-do-sul"],"_links":{"self":[{"href":"https:\/\/www.ocorreionews.com.br\/acervo-correio\/index.php?rest_route=\/wp\/v2\/posts\/248084","targetHints":{"allow":["GET"]}}],"collection":[{"href":"https:\/\/www.ocorreionews.com.br\/acervo-correio\/index.php?rest_route=\/wp\/v2\/posts"}],"about":[{"href":"https:\/\/www.ocorreionews.com.br\/acervo-correio\/index.php?rest_route=\/wp\/v2\/types\/post"}],"author":[{"embeddable":true,"href":"https:\/\/www.ocorreionews.com.br\/acervo-correio\/index.php?rest_route=\/wp\/v2\/users\/4"}],"replies":[{"embeddable":true,"href":"https:\/\/www.ocorreionews.com.br\/acervo-correio\/index.php?rest_route=%2Fwp%2Fv2%2Fcomments&post=248084"}],"version-history":[{"count":2,"href":"https:\/\/www.ocorreionews.com.br\/acervo-correio\/index.php?rest_route=\/wp\/v2\/posts\/248084\/revisions"}],"predecessor-version":[{"id":248150,"href":"https:\/\/www.ocorreionews.com.br\/acervo-correio\/index.php?rest_route=\/wp\/v2\/posts\/248084\/revisions\/248150"}],"wp:featuredmedia":[{"embeddable":true,"href":"https:\/\/www.ocorreionews.com.br\/acervo-correio\/index.php?rest_route=\/wp\/v2\/media\/248085"}],"wp:attachment":[{"href":"https:\/\/www.ocorreionews.com.br\/acervo-correio\/index.php?rest_route=%2Fwp%2Fv2%2Fmedia&parent=248084"}],"wp:term":[{"taxonomy":"category","embeddable":true,"href":"https:\/\/www.ocorreionews.com.br\/acervo-correio\/index.php?rest_route=%2Fwp%2Fv2%2Fcategories&post=248084"},{"taxonomy":"post_tag","embeddable":true,"href":"https:\/\/www.ocorreionews.com.br\/acervo-correio\/index.php?rest_route=%2Fwp%2Fv2%2Ftags&post=248084"}],"curies":[{"name":"wp","href":"https:\/\/api.w.org\/{rel}","templated":true}]}}