{"id":248087,"date":"2023-08-10T08:10:19","date_gmt":"2023-08-10T12:10:19","guid":{"rendered":"https:\/\/www.ocorreionews.com.br\/acervo-correio\/?p=248087"},"modified":"2023-08-10T08:10:19","modified_gmt":"2023-08-10T12:10:19","slug":"cpi-das-invasoes-assentados-do-mst-revelam-forcados-a-participar-dos-conflitos","status":"publish","type":"post","link":"https:\/\/www.ocorreionews.com.br\/acervo-correio\/?p=248087","title":{"rendered":"CPI DAS INVAS\u00d5ES Assentados do MST revelam: \u201cFor\u00e7ados a participar dos conflitos"},"content":{"rendered":"<blockquote><p><strong><span class=\"agk-cont-destaque3 noticia-linha-apoio bottommargin\">\u201cO MST quer um \u2018RG\u2019, um \u2018CPF\u2019 e um t\u00edtulo de eleitor \u2013 ali come\u00e7a a doutrina\u00e7\u00e3o\u201d<\/span><\/strong><\/p><\/blockquote>\n<p>\u201cOs assentados s\u00e3o utilizados como instrumento para press\u00e3o, recebiam motivos diferentes do que seria o real prop\u00f3sito, e eram for\u00e7ados a participar dos conflitos\u201d. A revela\u00e7\u00e3o sobre os m\u00e9todos de coa\u00e7\u00e3o do MST (Movimento dos Trabalhadores Rurais Sem Terra) foi feita pelo ex-membro do movimento, Elivaldo da Silva Costa, que hoje \u00e9 presidente do Projeto de Assentamento Rosa do Prado.<\/p>\n<div id=\"agk_14000_pos_3_sidebar_mobile\" class=\"mb-4\"><\/div>\n<div id=\"agk_14000_pos_4_conteudo_desktop\" class=\"mb-4\"><\/div>\n<p>&nbsp;<\/p>\n<p>Em Audi\u00eancia P\u00fablica na CPI (Comiss\u00e3o da Parlamentar de Inqu\u00e9rito) sobre as invas\u00f5es de terras, prestaram depoimento tr\u00eas ex-participantes de acampamentos do MST no Sul da Bahia. Elivaldo, tamb\u00e9m conhecido como Liva do Rosa, revelou ainda que o MST tem \u201cmetodologia para captar pessoas na zona urbana\u201d e que h\u00e1 uma \u201cfalsa promessa de que eles v\u00e3o dar a terra\u201d para convencer quem nunca plantou a realizar invas\u00f5es e depreda\u00e7\u00f5es.<\/p>\n<p>O ex-militante afirmou que a voca\u00e7\u00e3o para agricultura \u201cn\u00e3o importa para o MST\u201d. De acordo com Elivaldo da Silva Costa, \u201co MST quer um \u2018RG\u2019, um \u2018CPF\u2019 e um t\u00edtulo de eleitor \u2013 e a partir dali come\u00e7a a doutrina\u00e7\u00e3o\u201d. Ao descrever sua viv\u00eancia durante o tempo que participou do movimento, o depoente afirmou sofreu amea\u00e7as, retalia\u00e7\u00f5es e tamb\u00e9m exp\u00f4s o funcionamento interno do MST no Sul da Bahia, incluindo a atua\u00e7\u00e3o das lideran\u00e7as durante as invas\u00f5es de terras.<\/p>\n<div id=\"agk_14000_pos_4_conteudo_mobile\" class=\"mb-4\"><\/div>\n<p>&nbsp;<\/p>\n<p>Al\u00e9m de Liva, tamb\u00e9m falaram Benevaldo da Silva Gomes e Vanuza dos Santos de Souza, ex-participante do Acampamento S\u00e3o Jo\u00e3o. Interrogada pelo relator da CPI sobre ter presenciado algum caso de invas\u00e3o de propriedade organizado pelo MST, a depoente afirmou que sim. \u201cEu j\u00e1 participei, ocupei a sede da Suzano\u201d, afirmou a depoente. Questionada se as terras da Suzano eram improdutivas, a depoente afirmou que \u201ceram produtivas\u201d e explicou que \u201cos assentados eram orientados a acreditar que os fazendeiros s\u00e3o inimigos e contr\u00e1rios aos movimentos sociais\u201d.<\/p>\n<p>A solicita\u00e7\u00e3o do requerimento para a presen\u00e7a dos ex-integrantes do MST foi apresentada pelo deputado e membro da Frente Parlamentar da Agropecu\u00e1ria (FPA), Capit\u00e3o Alden (PL-BA). Segundo o parlamentar, o motivo da convoca\u00e7\u00e3o foi para prestar depoimento sobre o papel dos l\u00edderes do MST e como s\u00e3o as invas\u00f5es. \u201cOs esclarecimentos desses ex-membros s\u00e3o fundamentais para compreender o funcionamento interno, incluindo o papel de lideran\u00e7as e o modus operandi durante invas\u00f5es de terras\u201d, afirmou Alden.<\/p>\n<p><small>Por: <strong class=\"fn\"><a class=\"text-uppercase\" target=\"_blank\" rel=\"noopener\">Agrolink<\/a><\/strong> &#8211;<i>Leonardo Gottems<\/i> <\/small><\/p>\n","protected":false},"excerpt":{"rendered":"<p>\u201cO MST quer um \u2018RG\u2019, um \u2018CPF\u2019 e um t\u00edtulo de eleitor \u2013 ali come\u00e7a a doutrina\u00e7\u00e3o\u201d \u201cOs assentados s\u00e3o utilizados como instrumento para press\u00e3o, recebiam motivos diferentes do que seria o real prop\u00f3sito, e eram for\u00e7ados a participar dos conflitos\u201d. A revela\u00e7\u00e3o sobre os m\u00e9todos de coa\u00e7\u00e3o do MST (Movimento dos Trabalhadores Rurais Sem [&hellip;]<\/p>\n","protected":false},"author":4,"featured_media":247203,"comment_status":"closed","ping_status":"closed","sticky":false,"template":"","format":"standard","meta":{"footnotes":""},"categories":[17],"tags":[],"class_list":["post-248087","post","type-post","status-publish","format-standard","has-post-thumbnail","hentry","category-agropecuaria"],"_links":{"self":[{"href":"https:\/\/www.ocorreionews.com.br\/acervo-correio\/index.php?rest_route=\/wp\/v2\/posts\/248087","targetHints":{"allow":["GET"]}}],"collection":[{"href":"https:\/\/www.ocorreionews.com.br\/acervo-correio\/index.php?rest_route=\/wp\/v2\/posts"}],"about":[{"href":"https:\/\/www.ocorreionews.com.br\/acervo-correio\/index.php?rest_route=\/wp\/v2\/types\/post"}],"author":[{"embeddable":true,"href":"https:\/\/www.ocorreionews.com.br\/acervo-correio\/index.php?rest_route=\/wp\/v2\/users\/4"}],"replies":[{"embeddable":true,"href":"https:\/\/www.ocorreionews.com.br\/acervo-correio\/index.php?rest_route=%2Fwp%2Fv2%2Fcomments&post=248087"}],"version-history":[{"count":1,"href":"https:\/\/www.ocorreionews.com.br\/acervo-correio\/index.php?rest_route=\/wp\/v2\/posts\/248087\/revisions"}],"predecessor-version":[{"id":248092,"href":"https:\/\/www.ocorreionews.com.br\/acervo-correio\/index.php?rest_route=\/wp\/v2\/posts\/248087\/revisions\/248092"}],"wp:featuredmedia":[{"embeddable":true,"href":"https:\/\/www.ocorreionews.com.br\/acervo-correio\/index.php?rest_route=\/wp\/v2\/media\/247203"}],"wp:attachment":[{"href":"https:\/\/www.ocorreionews.com.br\/acervo-correio\/index.php?rest_route=%2Fwp%2Fv2%2Fmedia&parent=248087"}],"wp:term":[{"taxonomy":"category","embeddable":true,"href":"https:\/\/www.ocorreionews.com.br\/acervo-correio\/index.php?rest_route=%2Fwp%2Fv2%2Fcategories&post=248087"},{"taxonomy":"post_tag","embeddable":true,"href":"https:\/\/www.ocorreionews.com.br\/acervo-correio\/index.php?rest_route=%2Fwp%2Fv2%2Ftags&post=248087"}],"curies":[{"name":"wp","href":"https:\/\/api.w.org\/{rel}","templated":true}]}}