{"id":248091,"date":"2023-08-10T08:19:41","date_gmt":"2023-08-10T12:19:41","guid":{"rendered":"https:\/\/www.ocorreionews.com.br\/acervo-correio\/?p=248091"},"modified":"2023-08-10T08:19:41","modified_gmt":"2023-08-10T12:19:41","slug":"video-candidato-a-presidencia-no-equador-e-morto-a-tiros-apos-ato-politico","status":"publish","type":"post","link":"https:\/\/www.ocorreionews.com.br\/acervo-correio\/?p=248091","title":{"rendered":"V\u00cdDEO: candidato \u00e0 presid\u00eancia no Equador \u00e9 morto a tiros ap\u00f3s ato pol\u00edtico"},"content":{"rendered":"<p>Candidato \u00e0 presid\u00eancia no <a class=\"st_tag internal_tag \" title=\"Not\u00edcias sobre Equador\" href=\"https:\/\/midiamax.uol.com.br\/tag\/equador\/\" rel=\"tag\">Equador<\/a>, Fernando Villavicencio, 59, foi assassinado a <a class=\"st_tag internal_tag \" title=\"Not\u00edcias sobre tiros\" href=\"https:\/\/midiamax.uol.com.br\/tag\/tiros\/\" rel=\"tag\">tiros<\/a> durante ato pol\u00edtico na capital Quito, durante a noite desta quarta-feira (10). Villavicencio foi atingido por tr\u00eas disparos na cabe\u00e7a. Outras nove pessoas tamb\u00e9m ficaram feridas.<\/p>\n<p>Imagens mostram que o candidato foi assassinado no momento em que sa\u00eda do ato pol\u00edtico e entrava em um ve\u00edculo. As elei\u00e7\u00f5es presidenciais do Equador ocorrem no pr\u00f3ximo dia 20 de agosto.<\/p>\n<p>Villavicencio foi atingido com tr\u00eas disparos na cabe\u00e7a. Al\u00e9m dele, outras nove pessoas ficaram feridas. O crime ocorreu na sa\u00edda de um com\u00edcio, quando o candidato entrava no carro. As elei\u00e7\u00f5es presidenciais do Equador est\u00e3o marcadas para 20 de agosto.<\/p>\n<p>Pelo Twitter, o presidente do Equador, prestou condol\u00eancias e se disse &#8220;indignado&#8221;. &#8220;O crime organizado j\u00e1 percorreu um longo caminho, mas todo peso da lei vai cair sobre eles&#8221;, disse.<\/p>\n<p>Recentes pesquisas mostram que Villavicencio estava entre o 4\u00ba lugar e o 5\u00ba lugar, com inten\u00e7\u00e3o de votos de 6,8% a 7,4%. A candidata pelo movimento Revolu\u00e7\u00e3o Cidad\u00e3 (RC), Luisa Gonz\u00e1lez lidera com 29,2% a 30,5%, nas pesquisas. Um suspeito de cometer o crime foi preso ap\u00f3s trocar tiros com a pol\u00edcia, conforme imprensa local.<\/p>\n<p>&nbsp;<\/p>\n<div style=\"width: 640px;\" class=\"wp-video\"><!--[if lt IE 9]><script>document.createElement('video');<\/script><![endif]-->\n<video class=\"wp-video-shortcode\" id=\"video-248091-1\" width=\"640\" height=\"360\" preload=\"metadata\" controls=\"controls\"><source type=\"video\/mp4\" src=\"https:\/\/midiamaxproducao.s3.amazonaws.com\/wp-content\/uploads\/2023\/08\/10001656\/facebook-video.mp4?_=1\" \/><a href=\"https:\/\/midiamaxproducao.s3.amazonaws.com\/wp-content\/uploads\/2023\/08\/10001656\/facebook-video.mp4\">https:\/\/midiamaxproducao.s3.amazonaws.com\/wp-content\/uploads\/2023\/08\/10001656\/facebook-video.mp4<\/a><\/video><\/div>\n<p>*Midiamax,<\/p>\n","protected":false},"excerpt":{"rendered":"<p>Candidato \u00e0 presid\u00eancia no Equador, Fernando Villavicencio, 59, foi assassinado a tiros durante ato pol\u00edtico na capital Quito, durante a noite desta quarta-feira (10). Villavicencio foi atingido por tr\u00eas disparos na cabe\u00e7a. Outras nove pessoas tamb\u00e9m ficaram feridas. Imagens mostram que o candidato foi assassinado no momento em que sa\u00eda do ato pol\u00edtico e entrava [&hellip;]<\/p>\n","protected":false},"author":5,"featured_media":248098,"comment_status":"closed","ping_status":"closed","sticky":false,"template":"","format":"standard","meta":{"footnotes":""},"categories":[33,37],"tags":[],"class_list":["post-248091","post","type-post","status-publish","format-standard","has-post-thumbnail","hentry","category-mundo","category-politica"],"_links":{"self":[{"href":"https:\/\/www.ocorreionews.com.br\/acervo-correio\/index.php?rest_route=\/wp\/v2\/posts\/248091","targetHints":{"allow":["GET"]}}],"collection":[{"href":"https:\/\/www.ocorreionews.com.br\/acervo-correio\/index.php?rest_route=\/wp\/v2\/posts"}],"about":[{"href":"https:\/\/www.ocorreionews.com.br\/acervo-correio\/index.php?rest_route=\/wp\/v2\/types\/post"}],"author":[{"embeddable":true,"href":"https:\/\/www.ocorreionews.com.br\/acervo-correio\/index.php?rest_route=\/wp\/v2\/users\/5"}],"replies":[{"embeddable":true,"href":"https:\/\/www.ocorreionews.com.br\/acervo-correio\/index.php?rest_route=%2Fwp%2Fv2%2Fcomments&post=248091"}],"version-history":[{"count":1,"href":"https:\/\/www.ocorreionews.com.br\/acervo-correio\/index.php?rest_route=\/wp\/v2\/posts\/248091\/revisions"}],"predecessor-version":[{"id":248099,"href":"https:\/\/www.ocorreionews.com.br\/acervo-correio\/index.php?rest_route=\/wp\/v2\/posts\/248091\/revisions\/248099"}],"wp:featuredmedia":[{"embeddable":true,"href":"https:\/\/www.ocorreionews.com.br\/acervo-correio\/index.php?rest_route=\/wp\/v2\/media\/248098"}],"wp:attachment":[{"href":"https:\/\/www.ocorreionews.com.br\/acervo-correio\/index.php?rest_route=%2Fwp%2Fv2%2Fmedia&parent=248091"}],"wp:term":[{"taxonomy":"category","embeddable":true,"href":"https:\/\/www.ocorreionews.com.br\/acervo-correio\/index.php?rest_route=%2Fwp%2Fv2%2Fcategories&post=248091"},{"taxonomy":"post_tag","embeddable":true,"href":"https:\/\/www.ocorreionews.com.br\/acervo-correio\/index.php?rest_route=%2Fwp%2Fv2%2Ftags&post=248091"}],"curies":[{"name":"wp","href":"https:\/\/api.w.org\/{rel}","templated":true}]}}