{"id":248101,"date":"2023-08-10T09:02:45","date_gmt":"2023-08-10T13:02:45","guid":{"rendered":"https:\/\/www.ocorreionews.com.br\/acervo-correio\/?p=248101"},"modified":"2023-08-10T12:31:32","modified_gmt":"2023-08-10T16:31:32","slug":"apos-colisao-carro-vai-parar-dentro-de-area-de-uma-residencia-em-chapadao-do-sul","status":"publish","type":"post","link":"https:\/\/www.ocorreionews.com.br\/acervo-correio\/?p=248101","title":{"rendered":"Carros colidem e um vai para dentro de resid\u00eancia em Chapad\u00e3o do Sul"},"content":{"rendered":"<p>Na tarde desta quarta-feira (09), aconteceu uma colis\u00e3o entre dois ve\u00edculos, e um dos envolvidos acabou destruindo o muro de uma resid\u00eancia no Bairro Esplanada II em Chapad\u00e3o do Sul.<\/p>\n<p>Segundo informa\u00e7\u00f5es repassadas para nossa reportagem, por volta das 16h um Fiat e um VW Voyage acabaram colidindo nos cruzamentos entre as Ruas Tuiui\u00fa com a Dos Perdizes.<\/p>\n<p>Ap\u00f3s o impacto entre os ve\u00edculos, o motorista do VW perdeu o controle da dire\u00e7\u00e3o batendo no muro e parando dentro da resid\u00eancia.<\/p>\n<p>Apesar da gravidade do acidente, felizmente ningu\u00e9m se feriu, restando somente os preju\u00edzos materiais.<\/p>\n<p>Pol\u00edcia Militar foi acionada e tomou as medidas cab\u00edveis.<\/p>\n<p><img loading=\"lazy\" decoding=\"async\" class=\"alignnone size-full wp-image-248102\" src=\"https:\/\/www.ocorreionews.com.br\/acervo-correio\/wp-content\/uploads\/2023\/08\/ac-pririquitos.jpg\" alt=\"\" width=\"1204\" height=\"1600\" srcset=\"https:\/\/www.ocorreionews.com.br\/acervo-correio\/wp-content\/uploads\/2023\/08\/ac-pririquitos.jpg 1204w, https:\/\/www.ocorreionews.com.br\/acervo-correio\/wp-content\/uploads\/2023\/08\/ac-pririquitos-226x300.jpg 226w, https:\/\/www.ocorreionews.com.br\/acervo-correio\/wp-content\/uploads\/2023\/08\/ac-pririquitos-771x1024.jpg 771w, https:\/\/www.ocorreionews.com.br\/acervo-correio\/wp-content\/uploads\/2023\/08\/ac-pririquitos-768x1021.jpg 768w, https:\/\/www.ocorreionews.com.br\/acervo-correio\/wp-content\/uploads\/2023\/08\/ac-pririquitos-1156x1536.jpg 1156w\" sizes=\"auto, (max-width: 1204px) 100vw, 1204px\" \/> <img loading=\"lazy\" decoding=\"async\" class=\"alignnone size-full wp-image-248103\" src=\"https:\/\/www.ocorreionews.com.br\/acervo-correio\/wp-content\/uploads\/2023\/08\/ac-pririquitos2.jpg\" alt=\"\" width=\"1280\" height=\"963\" srcset=\"https:\/\/www.ocorreionews.com.br\/acervo-correio\/wp-content\/uploads\/2023\/08\/ac-pririquitos2.jpg 1280w, https:\/\/www.ocorreionews.com.br\/acervo-correio\/wp-content\/uploads\/2023\/08\/ac-pririquitos2-300x226.jpg 300w, https:\/\/www.ocorreionews.com.br\/acervo-correio\/wp-content\/uploads\/2023\/08\/ac-pririquitos2-1024x770.jpg 1024w, https:\/\/www.ocorreionews.com.br\/acervo-correio\/wp-content\/uploads\/2023\/08\/ac-pririquitos2-768x578.jpg 768w, https:\/\/www.ocorreionews.com.br\/acervo-correio\/wp-content\/uploads\/2023\/08\/ac-pririquitos2-86x64.jpg 86w\" sizes=\"auto, (max-width: 1280px) 100vw, 1280px\" \/><\/p>\n","protected":false},"excerpt":{"rendered":"<p>Na tarde desta quarta-feira (09), aconteceu uma colis\u00e3o entre dois ve\u00edculos, e um dos envolvidos acabou destruindo o muro de uma resid\u00eancia no Bairro Esplanada II em Chapad\u00e3o do Sul. Segundo informa\u00e7\u00f5es repassadas para nossa reportagem, por volta das 16h um Fiat e um VW Voyage acabaram colidindo nos cruzamentos entre as Ruas Tuiui\u00fa com [&hellip;]<\/p>\n","protected":false},"author":4,"featured_media":248104,"comment_status":"closed","ping_status":"closed","sticky":false,"template":"","format":"standard","meta":{"footnotes":""},"categories":[23,41,38],"tags":[],"class_list":["post-248101","post","type-post","status-publish","format-standard","has-post-thumbnail","hentry","category-chapadao-do-sul","category-destaque","category-policia"],"_links":{"self":[{"href":"https:\/\/www.ocorreionews.com.br\/acervo-correio\/index.php?rest_route=\/wp\/v2\/posts\/248101","targetHints":{"allow":["GET"]}}],"collection":[{"href":"https:\/\/www.ocorreionews.com.br\/acervo-correio\/index.php?rest_route=\/wp\/v2\/posts"}],"about":[{"href":"https:\/\/www.ocorreionews.com.br\/acervo-correio\/index.php?rest_route=\/wp\/v2\/types\/post"}],"author":[{"embeddable":true,"href":"https:\/\/www.ocorreionews.com.br\/acervo-correio\/index.php?rest_route=\/wp\/v2\/users\/4"}],"replies":[{"embeddable":true,"href":"https:\/\/www.ocorreionews.com.br\/acervo-correio\/index.php?rest_route=%2Fwp%2Fv2%2Fcomments&post=248101"}],"version-history":[{"count":2,"href":"https:\/\/www.ocorreionews.com.br\/acervo-correio\/index.php?rest_route=\/wp\/v2\/posts\/248101\/revisions"}],"predecessor-version":[{"id":248140,"href":"https:\/\/www.ocorreionews.com.br\/acervo-correio\/index.php?rest_route=\/wp\/v2\/posts\/248101\/revisions\/248140"}],"wp:featuredmedia":[{"embeddable":true,"href":"https:\/\/www.ocorreionews.com.br\/acervo-correio\/index.php?rest_route=\/wp\/v2\/media\/248104"}],"wp:attachment":[{"href":"https:\/\/www.ocorreionews.com.br\/acervo-correio\/index.php?rest_route=%2Fwp%2Fv2%2Fmedia&parent=248101"}],"wp:term":[{"taxonomy":"category","embeddable":true,"href":"https:\/\/www.ocorreionews.com.br\/acervo-correio\/index.php?rest_route=%2Fwp%2Fv2%2Fcategories&post=248101"},{"taxonomy":"post_tag","embeddable":true,"href":"https:\/\/www.ocorreionews.com.br\/acervo-correio\/index.php?rest_route=%2Fwp%2Fv2%2Ftags&post=248101"}],"curies":[{"name":"wp","href":"https:\/\/api.w.org\/{rel}","templated":true}]}}