{"id":248106,"date":"2023-08-10T09:11:29","date_gmt":"2023-08-10T13:11:29","guid":{"rendered":"https:\/\/www.ocorreionews.com.br\/acervo-correio\/?p=248106"},"modified":"2023-08-10T12:42:31","modified_gmt":"2023-08-10T16:42:31","slug":"carro-e-bicicleta-colidem-na-av-rn-e-chapadao-do-sul","status":"publish","type":"post","link":"https:\/\/www.ocorreionews.com.br\/acervo-correio\/?p=248106","title":{"rendered":"Ciclista fica ferido ao colidir com ve\u00edculo em Chapad\u00e3o do Sul"},"content":{"rendered":"<p>Na manh\u00e3 desta quinta-feira (10), um ciclista que n\u00e3o teve a identidade revelada ficou ferido ao colidir com um ve\u00edculo na Avenida Rio Grande Norte em Chapad\u00e3o do Sul.<\/p>\n<p>O acidente aconteceu em frente ao CRAS-Centro de Refer\u00eancia da Assist\u00eancia Social, onde por circunst\u00e2ncia ainda n\u00e3o revelada.<\/p>\n<p>O Corpo de Bombeiros de Chapad\u00e3o do Sul foi acionado e no local encontrou a v\u00edtima, consciente e oriental, reclamando de dores no ombro, onde n\u00e3o foi constatado no local nenhuma fratura, mas foi encaminhado para Hospital Municipal para melhor ser avaliado.<\/p>\n<p>Pol\u00edcia Militar foi acionada e tomou as medidas cab\u00edveis.<\/p>\n<p><img loading=\"lazy\" decoding=\"async\" class=\"alignnone size-full wp-image-248108\" src=\"https:\/\/www.ocorreionews.com.br\/acervo-correio\/wp-content\/uploads\/2023\/08\/ac-eco-sport-rn2.jpg\" alt=\"\" width=\"1600\" height=\"720\" srcset=\"https:\/\/www.ocorreionews.com.br\/acervo-correio\/wp-content\/uploads\/2023\/08\/ac-eco-sport-rn2.jpg 1600w, https:\/\/www.ocorreionews.com.br\/acervo-correio\/wp-content\/uploads\/2023\/08\/ac-eco-sport-rn2-300x135.jpg 300w, https:\/\/www.ocorreionews.com.br\/acervo-correio\/wp-content\/uploads\/2023\/08\/ac-eco-sport-rn2-1024x461.jpg 1024w, https:\/\/www.ocorreionews.com.br\/acervo-correio\/wp-content\/uploads\/2023\/08\/ac-eco-sport-rn2-768x346.jpg 768w, https:\/\/www.ocorreionews.com.br\/acervo-correio\/wp-content\/uploads\/2023\/08\/ac-eco-sport-rn2-1536x691.jpg 1536w\" sizes=\"auto, (max-width: 1600px) 100vw, 1600px\" \/><\/p>\n","protected":false},"excerpt":{"rendered":"<p>Na manh\u00e3 desta quinta-feira (10), um ciclista que n\u00e3o teve a identidade revelada ficou ferido ao colidir com um ve\u00edculo na Avenida Rio Grande Norte em Chapad\u00e3o do Sul. O acidente aconteceu em frente ao CRAS-Centro de Refer\u00eancia da Assist\u00eancia Social, onde por circunst\u00e2ncia ainda n\u00e3o revelada. O Corpo de Bombeiros de Chapad\u00e3o do Sul [&hellip;]<\/p>\n","protected":false},"author":4,"featured_media":248107,"comment_status":"closed","ping_status":"closed","sticky":false,"template":"","format":"standard","meta":{"footnotes":""},"categories":[23,38],"tags":[],"class_list":["post-248106","post","type-post","status-publish","format-standard","has-post-thumbnail","hentry","category-chapadao-do-sul","category-policia"],"_links":{"self":[{"href":"https:\/\/www.ocorreionews.com.br\/acervo-correio\/index.php?rest_route=\/wp\/v2\/posts\/248106","targetHints":{"allow":["GET"]}}],"collection":[{"href":"https:\/\/www.ocorreionews.com.br\/acervo-correio\/index.php?rest_route=\/wp\/v2\/posts"}],"about":[{"href":"https:\/\/www.ocorreionews.com.br\/acervo-correio\/index.php?rest_route=\/wp\/v2\/types\/post"}],"author":[{"embeddable":true,"href":"https:\/\/www.ocorreionews.com.br\/acervo-correio\/index.php?rest_route=\/wp\/v2\/users\/4"}],"replies":[{"embeddable":true,"href":"https:\/\/www.ocorreionews.com.br\/acervo-correio\/index.php?rest_route=%2Fwp%2Fv2%2Fcomments&post=248106"}],"version-history":[{"count":2,"href":"https:\/\/www.ocorreionews.com.br\/acervo-correio\/index.php?rest_route=\/wp\/v2\/posts\/248106\/revisions"}],"predecessor-version":[{"id":248141,"href":"https:\/\/www.ocorreionews.com.br\/acervo-correio\/index.php?rest_route=\/wp\/v2\/posts\/248106\/revisions\/248141"}],"wp:featuredmedia":[{"embeddable":true,"href":"https:\/\/www.ocorreionews.com.br\/acervo-correio\/index.php?rest_route=\/wp\/v2\/media\/248107"}],"wp:attachment":[{"href":"https:\/\/www.ocorreionews.com.br\/acervo-correio\/index.php?rest_route=%2Fwp%2Fv2%2Fmedia&parent=248106"}],"wp:term":[{"taxonomy":"category","embeddable":true,"href":"https:\/\/www.ocorreionews.com.br\/acervo-correio\/index.php?rest_route=%2Fwp%2Fv2%2Fcategories&post=248106"},{"taxonomy":"post_tag","embeddable":true,"href":"https:\/\/www.ocorreionews.com.br\/acervo-correio\/index.php?rest_route=%2Fwp%2Fv2%2Ftags&post=248106"}],"curies":[{"name":"wp","href":"https:\/\/api.w.org\/{rel}","templated":true}]}}