{"id":24820,"date":"2016-04-08T08:00:00","date_gmt":"2016-04-08T12:00:00","guid":{"rendered":"https:\/\/ocorreionews.com.br\/?p=24820"},"modified":"2016-04-08T08:15:31","modified_gmt":"2016-04-08T12:15:31","slug":"suspeito-de-assaltos-pula-em-rio-durante-fuga-e-e-retirado-com-corda-em-ms","status":"publish","type":"post","link":"https:\/\/www.ocorreionews.com.br\/acervo-correio\/?p=24820","title":{"rendered":"Suspeito de assaltos pula em rio durante fuga e \u00e9 retirado com corda em MS"},"content":{"rendered":"<p>Um suspeito de assaltos em Campo Grande pulou no rio Anhandu\u00ed durante fuga da Pol\u00edcia Militar (PM), na madrugada desta sexta-feira (8). Ele e outro jovem, que segundo os policiais teriam roubado juntos 10 celulares, foram presos.<\/p>\n<div class=\"geolocalizacao-map componente_materia\" data-globalid=\"8c8d06f7-6603-4df2-b742-6bc9b3738846\">De acordo com a PM, a dupla estava em atitude suspeita e n\u00e3o obedeceu ordem de parada, na rua Maracaju, Centro da capital sul-mato-grossense. Eles fugiram na contram\u00e3o pela avenida Cal\u00f3geras e seguiram em dire\u00e7\u00e3o \u00e0 avenida Ernesto Geisel, onde um deles pulou no rio que divide a via.<\/div>\n<p>Durante a fuga a dupla atirou em dire\u00e7\u00e3o a uma viatura da Pol\u00edcia Civil que atendia outra ocorr\u00eancia na regi\u00e3o. O carro n\u00e3o foi atingido e nenhum policial ficou ferido.<\/p>\n<p>O suspeito que pulou no rio teve que ser amarrado em uma corda e puxado pelo Corpo de Bombeiros. Os bombeiros procuraram no rio pela suposta arma de fogo que os jovens teriam usado nos roubos, mas n\u00e3o encontraram.<\/p>\n<p>Conforme informa\u00e7\u00f5es da tenente da PM, Gabriela Fernandes, a dupla possui ficha criminal. O jovem que pulou no rio foi preso ao ser resgatado e o outro suspeito quando tentava nova fuga.<\/p>\n<p>&nbsp;<\/p>\n<p>&nbsp;<\/p>\n<p>G1 MS<\/p>\n","protected":false},"excerpt":{"rendered":"<p>Um suspeito de assaltos em Campo Grande pulou no rio Anhandu\u00ed durante fuga da Pol\u00edcia Militar (PM), na madrugada desta sexta-feira (8). Ele e outro jovem, que segundo os policiais teriam roubado juntos 10 celulares, foram presos. De acordo com a PM, a dupla estava em atitude suspeita e n\u00e3o obedeceu ordem de parada, na [&hellip;]<\/p>\n","protected":false},"author":4,"featured_media":24821,"comment_status":"closed","ping_status":"closed","sticky":false,"template":"","format":"standard","meta":{"footnotes":""},"categories":[38],"tags":[],"class_list":["post-24820","post","type-post","status-publish","format-standard","has-post-thumbnail","hentry","category-policia"],"_links":{"self":[{"href":"https:\/\/www.ocorreionews.com.br\/acervo-correio\/index.php?rest_route=\/wp\/v2\/posts\/24820","targetHints":{"allow":["GET"]}}],"collection":[{"href":"https:\/\/www.ocorreionews.com.br\/acervo-correio\/index.php?rest_route=\/wp\/v2\/posts"}],"about":[{"href":"https:\/\/www.ocorreionews.com.br\/acervo-correio\/index.php?rest_route=\/wp\/v2\/types\/post"}],"author":[{"embeddable":true,"href":"https:\/\/www.ocorreionews.com.br\/acervo-correio\/index.php?rest_route=\/wp\/v2\/users\/4"}],"replies":[{"embeddable":true,"href":"https:\/\/www.ocorreionews.com.br\/acervo-correio\/index.php?rest_route=%2Fwp%2Fv2%2Fcomments&post=24820"}],"version-history":[{"count":0,"href":"https:\/\/www.ocorreionews.com.br\/acervo-correio\/index.php?rest_route=\/wp\/v2\/posts\/24820\/revisions"}],"wp:featuredmedia":[{"embeddable":true,"href":"https:\/\/www.ocorreionews.com.br\/acervo-correio\/index.php?rest_route=\/wp\/v2\/media\/24821"}],"wp:attachment":[{"href":"https:\/\/www.ocorreionews.com.br\/acervo-correio\/index.php?rest_route=%2Fwp%2Fv2%2Fmedia&parent=24820"}],"wp:term":[{"taxonomy":"category","embeddable":true,"href":"https:\/\/www.ocorreionews.com.br\/acervo-correio\/index.php?rest_route=%2Fwp%2Fv2%2Fcategories&post=24820"},{"taxonomy":"post_tag","embeddable":true,"href":"https:\/\/www.ocorreionews.com.br\/acervo-correio\/index.php?rest_route=%2Fwp%2Fv2%2Ftags&post=24820"}],"curies":[{"name":"wp","href":"https:\/\/api.w.org\/{rel}","templated":true}]}}