{"id":248233,"date":"2023-08-11T09:41:40","date_gmt":"2023-08-11T13:41:40","guid":{"rendered":"https:\/\/www.ocorreionews.com.br\/acervo-correio\/?p=248233"},"modified":"2023-08-11T13:31:26","modified_gmt":"2023-08-11T17:31:26","slug":"acidente-em-rotatoria-deixa-motociclista-ferido-em-chapadao-o-sul","status":"publish","type":"post","link":"https:\/\/www.ocorreionews.com.br\/acervo-correio\/?p=248233","title":{"rendered":"Acidente em rotat\u00f3ria deixa motociclista ferido em Chapad\u00e3o do Sul"},"content":{"rendered":"<p>Aconteceu na manh\u00e3 desta sexta-feira (11), um acidente envolvendo uma motocicleta e um ve\u00edculos VW Gol, na rotat\u00f3ria das Avenidas Onze com a Seis, no Centro de Chapad\u00e3o do Sul.<\/p>\n<p>Segundo informa\u00e7\u00f5es repassadas para nossa reportagem por testemunhas, o motociclista que n\u00e3o teve a identidade revelada, estava na rotat\u00f3ria (preferencial), quando foi atingido pelo ve\u00edculo que estava na Av. Onze sentido norte-sul.<\/p>\n<p>Com o impacto o motociclista caiu ao solo, e sofreu v\u00e1rias escoria\u00e7\u00f5es pelo corpo, onde foi socorrido pelos militares dos bombeiros e foi encaminhada para Hospital Municipal, consciente e orientado.<\/p>\n<p>A motorista do ve\u00edculo, permaneceu no local, apesar de estar muito nervosa ap\u00f3s o acidente, ela n\u00e3o se feriu.<\/p>\n<p>A Pol\u00edcia Militar esteve no local e tomou as medidas cab\u00edveis.<\/p>\n<p><img loading=\"lazy\" decoding=\"async\" class=\"alignnone size-full wp-image-248236\" src=\"https:\/\/www.ocorreionews.com.br\/acervo-correio\/wp-content\/uploads\/2023\/08\/DSC_0968.jpg\" alt=\"\" width=\"2144\" height=\"1424\" srcset=\"https:\/\/www.ocorreionews.com.br\/acervo-correio\/wp-content\/uploads\/2023\/08\/DSC_0968.jpg 2144w, https:\/\/www.ocorreionews.com.br\/acervo-correio\/wp-content\/uploads\/2023\/08\/DSC_0968-300x199.jpg 300w, https:\/\/www.ocorreionews.com.br\/acervo-correio\/wp-content\/uploads\/2023\/08\/DSC_0968-1024x680.jpg 1024w, https:\/\/www.ocorreionews.com.br\/acervo-correio\/wp-content\/uploads\/2023\/08\/DSC_0968-768x510.jpg 768w, https:\/\/www.ocorreionews.com.br\/acervo-correio\/wp-content\/uploads\/2023\/08\/DSC_0968-1536x1020.jpg 1536w, https:\/\/www.ocorreionews.com.br\/acervo-correio\/wp-content\/uploads\/2023\/08\/DSC_0968-2048x1360.jpg 2048w\" sizes=\"auto, (max-width: 2144px) 100vw, 2144px\" \/><\/p>\n<p>&nbsp;<\/p>\n","protected":false},"excerpt":{"rendered":"<p>Aconteceu na manh\u00e3 desta sexta-feira (11), um acidente envolvendo uma motocicleta e um ve\u00edculos VW Gol, na rotat\u00f3ria das Avenidas Onze com a Seis, no Centro de Chapad\u00e3o do Sul. Segundo informa\u00e7\u00f5es repassadas para nossa reportagem por testemunhas, o motociclista que n\u00e3o teve a identidade revelada, estava na rotat\u00f3ria (preferencial), quando foi atingido pelo ve\u00edculo [&hellip;]<\/p>\n","protected":false},"author":4,"featured_media":248235,"comment_status":"closed","ping_status":"closed","sticky":false,"template":"","format":"standard","meta":{"footnotes":""},"categories":[23,41,38],"tags":[],"class_list":["post-248233","post","type-post","status-publish","format-standard","has-post-thumbnail","hentry","category-chapadao-do-sul","category-destaque","category-policia"],"_links":{"self":[{"href":"https:\/\/www.ocorreionews.com.br\/acervo-correio\/index.php?rest_route=\/wp\/v2\/posts\/248233","targetHints":{"allow":["GET"]}}],"collection":[{"href":"https:\/\/www.ocorreionews.com.br\/acervo-correio\/index.php?rest_route=\/wp\/v2\/posts"}],"about":[{"href":"https:\/\/www.ocorreionews.com.br\/acervo-correio\/index.php?rest_route=\/wp\/v2\/types\/post"}],"author":[{"embeddable":true,"href":"https:\/\/www.ocorreionews.com.br\/acervo-correio\/index.php?rest_route=\/wp\/v2\/users\/4"}],"replies":[{"embeddable":true,"href":"https:\/\/www.ocorreionews.com.br\/acervo-correio\/index.php?rest_route=%2Fwp%2Fv2%2Fcomments&post=248233"}],"version-history":[{"count":3,"href":"https:\/\/www.ocorreionews.com.br\/acervo-correio\/index.php?rest_route=\/wp\/v2\/posts\/248233\/revisions"}],"predecessor-version":[{"id":248246,"href":"https:\/\/www.ocorreionews.com.br\/acervo-correio\/index.php?rest_route=\/wp\/v2\/posts\/248233\/revisions\/248246"}],"wp:featuredmedia":[{"embeddable":true,"href":"https:\/\/www.ocorreionews.com.br\/acervo-correio\/index.php?rest_route=\/wp\/v2\/media\/248235"}],"wp:attachment":[{"href":"https:\/\/www.ocorreionews.com.br\/acervo-correio\/index.php?rest_route=%2Fwp%2Fv2%2Fmedia&parent=248233"}],"wp:term":[{"taxonomy":"category","embeddable":true,"href":"https:\/\/www.ocorreionews.com.br\/acervo-correio\/index.php?rest_route=%2Fwp%2Fv2%2Fcategories&post=248233"},{"taxonomy":"post_tag","embeddable":true,"href":"https:\/\/www.ocorreionews.com.br\/acervo-correio\/index.php?rest_route=%2Fwp%2Fv2%2Ftags&post=248233"}],"curies":[{"name":"wp","href":"https:\/\/api.w.org\/{rel}","templated":true}]}}