{"id":248240,"date":"2023-08-11T13:12:03","date_gmt":"2023-08-11T17:12:03","guid":{"rendered":"https:\/\/www.ocorreionews.com.br\/acervo-correio\/?p=248240"},"modified":"2023-08-11T14:16:32","modified_gmt":"2023-08-11T18:16:32","slug":"sest-senat-e-prefeitura-de-chapadao-do-sul-unem-forcas-para-oferecer-mudanca-de-categoria-de-cnh-gratuita","status":"publish","type":"post","link":"https:\/\/www.ocorreionews.com.br\/acervo-correio\/?p=248240","title":{"rendered":"SEST\/SENAT e Prefeitura de Chapad\u00e3o do Sul Unem For\u00e7as para Oferecer Mudan\u00e7a de Categoria de CNH Gratuita"},"content":{"rendered":"<p>Uma parceria inovadora entre o SEST\/SENAT e a Prefeitura de Chapad\u00e3o do Sul est\u00e1 proporcionando uma oportunidade \u00fanica para os moradores da cidade. Agora, os cidad\u00e3os de Chapad\u00e3o do Sul podem realizar a mudan\u00e7a de categoria de habilita\u00e7\u00e3o de forma totalmente gratuita, gra\u00e7as a essa colabora\u00e7\u00e3o que visa beneficiar a comunidade local.<\/p>\n<p>A iniciativa, que visa atender \u00e0s demandas da popula\u00e7\u00e3o em busca de capacita\u00e7\u00e3o e aprimoramento profissional, foi apresentada pelo SEST\/SENAT em conjunto com a Prefeitura, trazendo um valioso benef\u00edcio para os habitantes de Chapad\u00e3o do Sul. A mudan\u00e7a de categoria de habilita\u00e7\u00e3o \u00e9 um passo significativo para aqueles que desejam se tornar motoristas profissionais e expandir suas oportunidades de trabalho.<\/p>\n<p>As inscri\u00e7\u00f5es para este programa j\u00e1 est\u00e3o abertas e v\u00e3o at\u00e9 o dia 22 de agosto, e podem ser realizadas atrav\u00e9s do link: <strong><a href=\"https:\/\/www.sestsenat.org.br\/cursos\/mude-a-categoria-da-sua-cnh-e-se-torne-motorista-profissional\">https:\/\/www.sestsenat.org.br\/cursos\/mude-a-categoria-da-sua-cnh-e-se-torne-motorista-profissional<\/a><\/strong>. Nesse endere\u00e7o, os interessados podem obter informa\u00e7\u00f5es detalhadas sobre os requisitos, prazos e documenta\u00e7\u00e3o necess\u00e1ria para participar deste projeto inovador.<\/p>\n<p>Vale ressaltar que os mun\u00edcipes de Chapad\u00e3o do Sul devem marcar a op\u00e7\u00e3o Tr\u00eas Lagoas na hora de realizar a sua inscri\u00e7\u00e3o.<\/p>\n<p>O SEST\/SENAT \u00e9 reconhecido por seu compromisso em oferecer capacita\u00e7\u00e3o e aprimoramento profissional para o setor de transporte, e essa parceria com a Prefeitura de Chapad\u00e3o do Sul reafirma esse compromisso, abrindo portas para que os cidad\u00e3os locais possam adquirir novas habilidades e ampliar suas perspectivas de carreira.<\/p>\n<p>O prefeito de Chapad\u00e3o do Sul, Jo\u00e3o Carlos Krug, expressou seu entusiasmo com a parceria: &#8220;Esta \u00e9 uma oportunidade valiosa para nossa comunidade, permitindo que nossos cidad\u00e3os busquem o crescimento profissional e alcancem suas metas. Agradecemos ao SEST\/SENAT por se unir a n\u00f3s nesse esfor\u00e7o conjunto de capacita\u00e7\u00e3o e desenvolvimento local.&#8221;<\/p>\n<p>Se voc\u00ea busca expandir suas possibilidades profissionais e deseja aproveitar essa oportunidade \u00fanica de realizar a mudan\u00e7a de categoria de habilita\u00e7\u00e3o gratuitamente, n\u00e3o perca tempo e inscreva-se agora mesmo atrav\u00e9s do link fornecido. A parceria entre o SEST\/SENAT e a Prefeitura de Chapad\u00e3o do Sul est\u00e1 pronta para impulsionar sua carreira e abrir as portas para um futuro promissor.<\/p>\n<p><img decoding=\"async\" src=\"http:\/\/www.chapadaodosul.ms.gov.br\/admin\/arquivos\/imagem\/Imagem%20do%20WhatsApp%20de%202023-08-11%20%C3%A0(s)%2012.12.42.jpg\" \/><\/p>\n<p>ASCOM<\/p>\n","protected":false},"excerpt":{"rendered":"<p>Uma parceria inovadora entre o SEST\/SENAT e a Prefeitura de Chapad\u00e3o do Sul est\u00e1 proporcionando uma oportunidade \u00fanica para os moradores da cidade. Agora, os cidad\u00e3os de Chapad\u00e3o do Sul podem realizar a mudan\u00e7a de categoria de habilita\u00e7\u00e3o de forma totalmente gratuita, gra\u00e7as a essa colabora\u00e7\u00e3o que visa beneficiar a comunidade local. A iniciativa, que [&hellip;]<\/p>\n","protected":false},"author":4,"featured_media":248241,"comment_status":"closed","ping_status":"closed","sticky":false,"template":"","format":"standard","meta":{"footnotes":""},"categories":[23,41],"tags":[],"class_list":["post-248240","post","type-post","status-publish","format-standard","has-post-thumbnail","hentry","category-chapadao-do-sul","category-destaque"],"_links":{"self":[{"href":"https:\/\/www.ocorreionews.com.br\/acervo-correio\/index.php?rest_route=\/wp\/v2\/posts\/248240","targetHints":{"allow":["GET"]}}],"collection":[{"href":"https:\/\/www.ocorreionews.com.br\/acervo-correio\/index.php?rest_route=\/wp\/v2\/posts"}],"about":[{"href":"https:\/\/www.ocorreionews.com.br\/acervo-correio\/index.php?rest_route=\/wp\/v2\/types\/post"}],"author":[{"embeddable":true,"href":"https:\/\/www.ocorreionews.com.br\/acervo-correio\/index.php?rest_route=\/wp\/v2\/users\/4"}],"replies":[{"embeddable":true,"href":"https:\/\/www.ocorreionews.com.br\/acervo-correio\/index.php?rest_route=%2Fwp%2Fv2%2Fcomments&post=248240"}],"version-history":[{"count":2,"href":"https:\/\/www.ocorreionews.com.br\/acervo-correio\/index.php?rest_route=\/wp\/v2\/posts\/248240\/revisions"}],"predecessor-version":[{"id":248252,"href":"https:\/\/www.ocorreionews.com.br\/acervo-correio\/index.php?rest_route=\/wp\/v2\/posts\/248240\/revisions\/248252"}],"wp:featuredmedia":[{"embeddable":true,"href":"https:\/\/www.ocorreionews.com.br\/acervo-correio\/index.php?rest_route=\/wp\/v2\/media\/248241"}],"wp:attachment":[{"href":"https:\/\/www.ocorreionews.com.br\/acervo-correio\/index.php?rest_route=%2Fwp%2Fv2%2Fmedia&parent=248240"}],"wp:term":[{"taxonomy":"category","embeddable":true,"href":"https:\/\/www.ocorreionews.com.br\/acervo-correio\/index.php?rest_route=%2Fwp%2Fv2%2Fcategories&post=248240"},{"taxonomy":"post_tag","embeddable":true,"href":"https:\/\/www.ocorreionews.com.br\/acervo-correio\/index.php?rest_route=%2Fwp%2Fv2%2Ftags&post=248240"}],"curies":[{"name":"wp","href":"https:\/\/api.w.org\/{rel}","templated":true}]}}