{"id":248344,"date":"2023-08-14T07:53:07","date_gmt":"2023-08-14T11:53:07","guid":{"rendered":"https:\/\/www.ocorreionews.com.br\/acervo-correio\/?p=248344"},"modified":"2023-08-14T07:53:07","modified_gmt":"2023-08-14T11:53:07","slug":"trf3-mantem-condenacao-de-ex-gerente-do-correio-em-figueirao","status":"publish","type":"post","link":"https:\/\/www.ocorreionews.com.br\/acervo-correio\/?p=248344","title":{"rendered":"TRF3 mant\u00e9m condena\u00e7\u00e3o de ex-gerente do Correio em Figueir\u00e3o"},"content":{"rendered":"<p>Desembargador mant\u00e9m condena\u00e7\u00e3o de ex-gerente dos Correios que desviou R$ 51 mil em Figueir\u00e3oDefesa tentou recorrer da senten\u00e7a inicial pedindo absolvi\u00e7\u00e3o para n\u00e3o ressarcir os Correios<\/p>\n<p>Na \u00faltima semana, o desembargador federal Jos\u00e9 Lunardelli, do TRF3 (Tribunal Regional Federal da 3\u00aa Regi\u00e3o), decidiu por manter a condena\u00e7\u00e3o do ex-gerente dos Correios de Figueir\u00e3o, Luiz Carlos Sabatel da Silva Filho.<\/p>\n<p>Conforme as investiga\u00e7\u00f5es, em 2017 foi identificada a falta de R$ 55.717,36 nas contas da ag\u00eancia, considerando o numer\u00e1rio depositado no caixa de Luiz. A partir da\u00ed, houve a den\u00fancia.<\/p>\n<p>Em 2022, o ex-gerente foi denunciado e tamb\u00e9m condenado. A senten\u00e7a decretada foi de reclus\u00e3o de dois anos e um m\u00eas, em regime inicial aberto, sendo convertida para servi\u00e7o comunit\u00e1rio.<\/p>\n<p>Al\u00e9m disso, Luiz deveria ressarcir os Correios em R$ 51.426,53, al\u00e9m do pagamento de presta\u00e7\u00e3o pecuni\u00e1ria de R$ 3.500. A defesa pediu absolvi\u00e7\u00e3o da condena\u00e7\u00e3o de ressarcimento ao er\u00e1rio.<\/p>\n<p>Isso, porque o valor j\u00e1 est\u00e1 em execu\u00e7\u00e3o no ju\u00edzo trabalhista. Na decis\u00e3o, o desembargador aponta que \u201cchegada a fase da execu\u00e7\u00e3o penal, e comprovada a execu\u00e7\u00e3o trabalhista mencionada pelo r\u00e9u, caber\u00e1 ao Ju\u00edzo competente avaliar a compensa\u00e7\u00e3o dos valores, <em>o que n\u00e3o cabe nessa esfera, dado que o ressarcimento ao er\u00e1rio \u00e9 decorrente da condena\u00e7\u00e3o penal, tal como fixado na senten\u00e7a\u201d.<\/em><\/p>\n<p>&nbsp;<\/p>\n<p>&nbsp;<\/p>\n<p>edicaoms<\/p>\n","protected":false},"excerpt":{"rendered":"<p>Desembargador mant\u00e9m condena\u00e7\u00e3o de ex-gerente dos Correios que desviou R$ 51 mil em Figueir\u00e3oDefesa tentou recorrer da senten\u00e7a inicial pedindo absolvi\u00e7\u00e3o para n\u00e3o ressarcir os Correios Na \u00faltima semana, o desembargador federal Jos\u00e9 Lunardelli, do TRF3 (Tribunal Regional Federal da 3\u00aa Regi\u00e3o), decidiu por manter a condena\u00e7\u00e3o do ex-gerente dos Correios de Figueir\u00e3o, Luiz Carlos [&hellip;]<\/p>\n","protected":false},"author":4,"featured_media":248345,"comment_status":"closed","ping_status":"closed","sticky":false,"template":"","format":"standard","meta":{"footnotes":""},"categories":[30],"tags":[],"class_list":["post-248344","post","type-post","status-publish","format-standard","has-post-thumbnail","hentry","category-figueirao"],"_links":{"self":[{"href":"https:\/\/www.ocorreionews.com.br\/acervo-correio\/index.php?rest_route=\/wp\/v2\/posts\/248344","targetHints":{"allow":["GET"]}}],"collection":[{"href":"https:\/\/www.ocorreionews.com.br\/acervo-correio\/index.php?rest_route=\/wp\/v2\/posts"}],"about":[{"href":"https:\/\/www.ocorreionews.com.br\/acervo-correio\/index.php?rest_route=\/wp\/v2\/types\/post"}],"author":[{"embeddable":true,"href":"https:\/\/www.ocorreionews.com.br\/acervo-correio\/index.php?rest_route=\/wp\/v2\/users\/4"}],"replies":[{"embeddable":true,"href":"https:\/\/www.ocorreionews.com.br\/acervo-correio\/index.php?rest_route=%2Fwp%2Fv2%2Fcomments&post=248344"}],"version-history":[{"count":1,"href":"https:\/\/www.ocorreionews.com.br\/acervo-correio\/index.php?rest_route=\/wp\/v2\/posts\/248344\/revisions"}],"predecessor-version":[{"id":248346,"href":"https:\/\/www.ocorreionews.com.br\/acervo-correio\/index.php?rest_route=\/wp\/v2\/posts\/248344\/revisions\/248346"}],"wp:featuredmedia":[{"embeddable":true,"href":"https:\/\/www.ocorreionews.com.br\/acervo-correio\/index.php?rest_route=\/wp\/v2\/media\/248345"}],"wp:attachment":[{"href":"https:\/\/www.ocorreionews.com.br\/acervo-correio\/index.php?rest_route=%2Fwp%2Fv2%2Fmedia&parent=248344"}],"wp:term":[{"taxonomy":"category","embeddable":true,"href":"https:\/\/www.ocorreionews.com.br\/acervo-correio\/index.php?rest_route=%2Fwp%2Fv2%2Fcategories&post=248344"},{"taxonomy":"post_tag","embeddable":true,"href":"https:\/\/www.ocorreionews.com.br\/acervo-correio\/index.php?rest_route=%2Fwp%2Fv2%2Ftags&post=248344"}],"curies":[{"name":"wp","href":"https:\/\/api.w.org\/{rel}","templated":true}]}}