{"id":248352,"date":"2023-08-14T08:19:00","date_gmt":"2023-08-14T12:19:00","guid":{"rendered":"https:\/\/www.ocorreionews.com.br\/acervo-correio\/?p=248352"},"modified":"2023-08-14T08:19:00","modified_gmt":"2023-08-14T12:19:00","slug":"mulheres-e-homens-tomam-as-ruas-de-paraiso-em-alusao-ao-mes-do-enfrentamento-da-violencia-contra-a-mulher","status":"publish","type":"post","link":"https:\/\/www.ocorreionews.com.br\/acervo-correio\/?p=248352","title":{"rendered":"Mulheres e Homens tomam as ruas de Para\u00edso em alus\u00e3o ao m\u00eas do enfrentamento da viol\u00eancia contra a mulher"},"content":{"rendered":"<p>Foi realizada na \u00faltima sexta-feira (11), em Para\u00edso das \u00c1guas, uma caminhada em alus\u00e3o ao \u201cAgosto Lil\u00e1s\u201d, m\u00eas onde se celebram as a\u00e7\u00f5es de combate \u00e0 viol\u00eancia contra a mulher.<\/p>\n<p>A partir de uma concentra\u00e7\u00e3o em frente \u00e0 Escola Kendi Nakai, mulheres, homens e crian\u00e7as paraisenses sa\u00edram em caminhada pela avenida Manoel Rodrigues da Cruz com cartazes, bal\u00f5es e apitos.<\/p>\n<p>A a\u00e7\u00e3o foi organizada pela Prefeitura de Para\u00edso das \u00c1guas por meio da Secretaria de Assist\u00eancia Social, Creas,\u00a0e pela Coordenadoria de Pol\u00edticas P\u00fablicas para Mulheres. O evento contou com o apoio das Pol\u00edcias Civil e Militar do munic\u00edpio.<\/p>\n<p>Ap\u00f3s percorrer o centro da cidade, a multid\u00e3o se acomodou em frente ao pa\u00e7o municipal onde houve apresenta\u00e7\u00e3o de dan\u00e7a das alunas do projeto Trama&amp;Arte.<\/p>\n<p>Representado o Prefeito An\u00edzio Andrade que cumpre agenda em Campo Grande, esteve presente o vice-prefeito do munic\u00edpio, Roberto Carlos da Silva.<\/p>\n<p>Tamb\u00e9m estiveram presentes a secret\u00e1ria de assist\u00eancia social, Rozilda Pereira; a Coordenadora de Pol\u00edticas P\u00fablicas para Mulheres, Alexia Nogueira; a vereadora In\u00eas Londero; al\u00e9m de secret\u00e1rios municipais, servidores p\u00fablicos, e alunos das redes municipal e estadual.<\/p>\n<p><img decoding=\"async\" class=\"lb-image\" src=\"http:\/\/www.paraisodasaguas.ms.gov.br\/uploads\/noticia\/whatsapp-image-2023-08-11-at-103811-1.jpeg\" \/><\/p>\n<p>*Assessoria<\/p>\n","protected":false},"excerpt":{"rendered":"<p>Foi realizada na \u00faltima sexta-feira (11), em Para\u00edso das \u00c1guas, uma caminhada em alus\u00e3o ao \u201cAgosto Lil\u00e1s\u201d, m\u00eas onde se celebram as a\u00e7\u00f5es de combate \u00e0 viol\u00eancia contra a mulher. A partir de uma concentra\u00e7\u00e3o em frente \u00e0 Escola Kendi Nakai, mulheres, homens e crian\u00e7as paraisenses sa\u00edram em caminhada pela avenida Manoel Rodrigues da Cruz [&hellip;]<\/p>\n","protected":false},"author":5,"featured_media":248359,"comment_status":"closed","ping_status":"closed","sticky":false,"template":"","format":"standard","meta":{"footnotes":""},"categories":[36],"tags":[],"class_list":["post-248352","post","type-post","status-publish","format-standard","has-post-thumbnail","hentry","category-paraiso-das-aguas"],"_links":{"self":[{"href":"https:\/\/www.ocorreionews.com.br\/acervo-correio\/index.php?rest_route=\/wp\/v2\/posts\/248352","targetHints":{"allow":["GET"]}}],"collection":[{"href":"https:\/\/www.ocorreionews.com.br\/acervo-correio\/index.php?rest_route=\/wp\/v2\/posts"}],"about":[{"href":"https:\/\/www.ocorreionews.com.br\/acervo-correio\/index.php?rest_route=\/wp\/v2\/types\/post"}],"author":[{"embeddable":true,"href":"https:\/\/www.ocorreionews.com.br\/acervo-correio\/index.php?rest_route=\/wp\/v2\/users\/5"}],"replies":[{"embeddable":true,"href":"https:\/\/www.ocorreionews.com.br\/acervo-correio\/index.php?rest_route=%2Fwp%2Fv2%2Fcomments&post=248352"}],"version-history":[{"count":1,"href":"https:\/\/www.ocorreionews.com.br\/acervo-correio\/index.php?rest_route=\/wp\/v2\/posts\/248352\/revisions"}],"predecessor-version":[{"id":248360,"href":"https:\/\/www.ocorreionews.com.br\/acervo-correio\/index.php?rest_route=\/wp\/v2\/posts\/248352\/revisions\/248360"}],"wp:featuredmedia":[{"embeddable":true,"href":"https:\/\/www.ocorreionews.com.br\/acervo-correio\/index.php?rest_route=\/wp\/v2\/media\/248359"}],"wp:attachment":[{"href":"https:\/\/www.ocorreionews.com.br\/acervo-correio\/index.php?rest_route=%2Fwp%2Fv2%2Fmedia&parent=248352"}],"wp:term":[{"taxonomy":"category","embeddable":true,"href":"https:\/\/www.ocorreionews.com.br\/acervo-correio\/index.php?rest_route=%2Fwp%2Fv2%2Fcategories&post=248352"},{"taxonomy":"post_tag","embeddable":true,"href":"https:\/\/www.ocorreionews.com.br\/acervo-correio\/index.php?rest_route=%2Fwp%2Fv2%2Ftags&post=248352"}],"curies":[{"name":"wp","href":"https:\/\/api.w.org\/{rel}","templated":true}]}}