{"id":248358,"date":"2023-08-14T09:07:58","date_gmt":"2023-08-14T13:07:58","guid":{"rendered":"https:\/\/www.ocorreionews.com.br\/acervo-correio\/?p=248358"},"modified":"2023-08-14T09:07:58","modified_gmt":"2023-08-14T13:07:58","slug":"jovem-com-ligacao-a-organizacao-criminosa-e-preso-em-costa-rica-por-trafico-de-drogas","status":"publish","type":"post","link":"https:\/\/www.ocorreionews.com.br\/acervo-correio\/?p=248358","title":{"rendered":"Jovem com liga\u00e7\u00e3o a organiza\u00e7\u00e3o criminosa \u00e9 preso em Costa Rica por tr\u00e1fico de drogas"},"content":{"rendered":"<p>Na madrugada do ultimo s\u00e1bado (12), um jovem de 18 anos, foi preso por trafico de drogas, quando Policias de Costa Rica realizava uma opera\u00e7\u00e3o sobre um poss\u00edvel tribunal do crime que aconteceria na cidade.<\/p>\n<p>Segundo informa\u00e7\u00f5es do Boletim de Ocorr\u00eancia, por volta das 02h, durante a Opera\u00e7\u00e3o H\u00f3rus e com a ci\u00eancia de um poss\u00edvel Tribunal do crime que aconteceria na cidade, Policias Militares de Costa Rica redobraram a aten\u00e7\u00e3o no policiamento e em espec\u00edficos em alguns suspeitos.<\/p>\n<p>E em uma resid\u00eancia na Rua Salvador Luiz Nogueira, os militares possu\u00edam ci\u00eancia do envolvimento jovem de 18 anos com ORCRIM (PCC), sendo conhecido pelo Vulgo, \u201cVL da 33\u201d, alcunha caracter\u00edstica por dedicar-se a conduta de com\u00e9rcio de entorpecentes, conforme alguns boletins j\u00e1 registrados e uma pris\u00e3o anterior.<\/p>\n<p>Quando a viatura se aproximou do local, e o jovem ver os policias, o mesmo entrou em disparada em um beco ao lado de sua suposta resid\u00eancia, momento em que os militares desembarcaram e conseguiram alcan\u00e7\u00e1-lo e realizar a abordagem.<\/p>\n<p>De pronto foi verificado que havia um celular e dinheiro em seu bolso, que tamb\u00e9m foi afirmado pelo Autor que jogou uma sacola no meio de um monte de entulho, sendo encontrado ap\u00f3s busca no per\u00edmetro a quantidade de 18.8 gramas de subst\u00e2ncia an\u00e1loga a coca\u00edna separado em 21 (vinte e uma) &#8220;paradinhas&#8221;.<\/p>\n<p>O Autor ainda confessou que al\u00e9m de um celular utilizado para tr\u00e1fico de droga que o Autor, recebendo v\u00e1rios PIX do com\u00e9rcio de entorpecentes, a quantia de R$ 31,00 (Trinta e um reais) separadas em 05 (cinco c\u00e9dulas) tamb\u00e9m \u00e9 proveniente da venda de drogas.<\/p>\n<p>Diante de todos os fatos, foi dada voz de pris\u00e3o pelo crime de tr\u00e1fico de drogas, sendo feito o uso de algemas, condu\u00e7\u00e3o no compartimento de preso e encaminhamento para a Delegacia. Segundo os policias, o jovem \u00a0vem apresentando caracter\u00edstica de vincula\u00e7\u00e3o a Organiza\u00e7\u00e3o criminosa Primeiro Comando da Capital e tornando um forte indiv\u00edduo no com\u00e9rcio de entorpecentes na cidade de Costa Rica, conforme narrado.<\/p>\n<p>&nbsp;<\/p>\n<p><em>*O Correio News, com informa\u00e7\u00f5es da Assessoria de Comunica\u00e7\u00e3o da Pol\u00edcia Militar\u00a0\u00a0<\/em><\/p>\n","protected":false},"excerpt":{"rendered":"<p>Na madrugada do ultimo s\u00e1bado (12), um jovem de 18 anos, foi preso por trafico de drogas, quando Policias de Costa Rica realizava uma opera\u00e7\u00e3o sobre um poss\u00edvel tribunal do crime que aconteceria na cidade. Segundo informa\u00e7\u00f5es do Boletim de Ocorr\u00eancia, por volta das 02h, durante a Opera\u00e7\u00e3o H\u00f3rus e com a ci\u00eancia de um [&hellip;]<\/p>\n","protected":false},"author":5,"featured_media":248371,"comment_status":"closed","ping_status":"closed","sticky":false,"template":"","format":"standard","meta":{"footnotes":""},"categories":[25,38],"tags":[],"class_list":["post-248358","post","type-post","status-publish","format-standard","has-post-thumbnail","hentry","category-costa-rica","category-policia"],"_links":{"self":[{"href":"https:\/\/www.ocorreionews.com.br\/acervo-correio\/index.php?rest_route=\/wp\/v2\/posts\/248358","targetHints":{"allow":["GET"]}}],"collection":[{"href":"https:\/\/www.ocorreionews.com.br\/acervo-correio\/index.php?rest_route=\/wp\/v2\/posts"}],"about":[{"href":"https:\/\/www.ocorreionews.com.br\/acervo-correio\/index.php?rest_route=\/wp\/v2\/types\/post"}],"author":[{"embeddable":true,"href":"https:\/\/www.ocorreionews.com.br\/acervo-correio\/index.php?rest_route=\/wp\/v2\/users\/5"}],"replies":[{"embeddable":true,"href":"https:\/\/www.ocorreionews.com.br\/acervo-correio\/index.php?rest_route=%2Fwp%2Fv2%2Fcomments&post=248358"}],"version-history":[{"count":1,"href":"https:\/\/www.ocorreionews.com.br\/acervo-correio\/index.php?rest_route=\/wp\/v2\/posts\/248358\/revisions"}],"predecessor-version":[{"id":248372,"href":"https:\/\/www.ocorreionews.com.br\/acervo-correio\/index.php?rest_route=\/wp\/v2\/posts\/248358\/revisions\/248372"}],"wp:featuredmedia":[{"embeddable":true,"href":"https:\/\/www.ocorreionews.com.br\/acervo-correio\/index.php?rest_route=\/wp\/v2\/media\/248371"}],"wp:attachment":[{"href":"https:\/\/www.ocorreionews.com.br\/acervo-correio\/index.php?rest_route=%2Fwp%2Fv2%2Fmedia&parent=248358"}],"wp:term":[{"taxonomy":"category","embeddable":true,"href":"https:\/\/www.ocorreionews.com.br\/acervo-correio\/index.php?rest_route=%2Fwp%2Fv2%2Fcategories&post=248358"},{"taxonomy":"post_tag","embeddable":true,"href":"https:\/\/www.ocorreionews.com.br\/acervo-correio\/index.php?rest_route=%2Fwp%2Fv2%2Ftags&post=248358"}],"curies":[{"name":"wp","href":"https:\/\/api.w.org\/{rel}","templated":true}]}}