{"id":248361,"date":"2023-08-14T08:41:32","date_gmt":"2023-08-14T12:41:32","guid":{"rendered":"https:\/\/www.ocorreionews.com.br\/acervo-correio\/?p=248361"},"modified":"2023-08-14T08:41:32","modified_gmt":"2023-08-14T12:41:32","slug":"durante-a-operacao-horus-homem-condenado-por-homicidio-foi-preso-em-chapadao-do-sul","status":"publish","type":"post","link":"https:\/\/www.ocorreionews.com.br\/acervo-correio\/?p=248361","title":{"rendered":"Durante a Opera\u00e7\u00e3o H\u00f3rus homem condenado por homic\u00eddio foi preso em Chapad\u00e3o do Sul"},"content":{"rendered":"<p>Na \u00faltima sexta-feira (11), um homem de 41 anos, condenado por homic\u00eddio e que estava foragido da justi\u00e7a, foi preso em Chapad\u00e3o do Sul.<\/p>\n<p>De acordo com informa\u00e7\u00e3o do Boletim de Ocorr\u00eancia, por volta do meio dia, policias militares de Chapad\u00e3o do Sul, realizava um patrulhamento pelo condom\u00ednio planalto localizado na Rua P 20, quando visualizaram um apartamento com a janela violada e com os vidros quebrados, os militares perguntaram para alguns populares residentes e foi informado que ouviram barulhos de estilha\u00e7o de vidro pela madrugada.<\/p>\n<p>Com a suspeita os policias foram at\u00e9 o apartamento e conversaram com uma testemunha que autorizou a entrada no im\u00f3vel, e foi e localizado o indiv\u00edduo vulgo &#8220;Xande&#8221;. Ap\u00f3s checagem via SIGO foi constatado um mandado de pris\u00e3o pelo crime de homic\u00eddio com uma condena\u00e7\u00e3o por definitiva de 12 anos.<\/p>\n<p>Diante dos fatos o Autor foi preso e conduzido at\u00e9 delegacia para providencias previstas em lei e que foi necess\u00e1rio o uso de algemas para seguran\u00e7a e risco de fuga.<\/p>\n<p>&nbsp;<\/p>\n<p>&nbsp;<\/p>\n<p><em>*O Correio News, com informa\u00e7\u00f5es da Assessoria de Comunica\u00e7\u00e3o da Pol\u00edcia Militar\u00a0\u00a0<\/em><\/p>\n","protected":false},"excerpt":{"rendered":"<p>Na \u00faltima sexta-feira (11), um homem de 41 anos, condenado por homic\u00eddio e que estava foragido da justi\u00e7a, foi preso em Chapad\u00e3o do Sul. De acordo com informa\u00e7\u00e3o do Boletim de Ocorr\u00eancia, por volta do meio dia, policias militares de Chapad\u00e3o do Sul, realizava um patrulhamento pelo condom\u00ednio planalto localizado na Rua P 20, quando [&hellip;]<\/p>\n","protected":false},"author":5,"featured_media":247467,"comment_status":"closed","ping_status":"closed","sticky":false,"template":"","format":"standard","meta":{"footnotes":""},"categories":[23,38],"tags":[],"class_list":["post-248361","post","type-post","status-publish","format-standard","has-post-thumbnail","hentry","category-chapadao-do-sul","category-policia"],"_links":{"self":[{"href":"https:\/\/www.ocorreionews.com.br\/acervo-correio\/index.php?rest_route=\/wp\/v2\/posts\/248361","targetHints":{"allow":["GET"]}}],"collection":[{"href":"https:\/\/www.ocorreionews.com.br\/acervo-correio\/index.php?rest_route=\/wp\/v2\/posts"}],"about":[{"href":"https:\/\/www.ocorreionews.com.br\/acervo-correio\/index.php?rest_route=\/wp\/v2\/types\/post"}],"author":[{"embeddable":true,"href":"https:\/\/www.ocorreionews.com.br\/acervo-correio\/index.php?rest_route=\/wp\/v2\/users\/5"}],"replies":[{"embeddable":true,"href":"https:\/\/www.ocorreionews.com.br\/acervo-correio\/index.php?rest_route=%2Fwp%2Fv2%2Fcomments&post=248361"}],"version-history":[{"count":1,"href":"https:\/\/www.ocorreionews.com.br\/acervo-correio\/index.php?rest_route=\/wp\/v2\/posts\/248361\/revisions"}],"predecessor-version":[{"id":248362,"href":"https:\/\/www.ocorreionews.com.br\/acervo-correio\/index.php?rest_route=\/wp\/v2\/posts\/248361\/revisions\/248362"}],"wp:featuredmedia":[{"embeddable":true,"href":"https:\/\/www.ocorreionews.com.br\/acervo-correio\/index.php?rest_route=\/wp\/v2\/media\/247467"}],"wp:attachment":[{"href":"https:\/\/www.ocorreionews.com.br\/acervo-correio\/index.php?rest_route=%2Fwp%2Fv2%2Fmedia&parent=248361"}],"wp:term":[{"taxonomy":"category","embeddable":true,"href":"https:\/\/www.ocorreionews.com.br\/acervo-correio\/index.php?rest_route=%2Fwp%2Fv2%2Fcategories&post=248361"},{"taxonomy":"post_tag","embeddable":true,"href":"https:\/\/www.ocorreionews.com.br\/acervo-correio\/index.php?rest_route=%2Fwp%2Fv2%2Ftags&post=248361"}],"curies":[{"name":"wp","href":"https:\/\/api.w.org\/{rel}","templated":true}]}}