{"id":248363,"date":"2023-08-14T08:51:53","date_gmt":"2023-08-14T12:51:53","guid":{"rendered":"https:\/\/www.ocorreionews.com.br\/acervo-correio\/?p=248363"},"modified":"2023-08-14T08:57:06","modified_gmt":"2023-08-14T12:57:06","slug":"condenado-por-incendio-foi-apreendido-em-paraiso-das-aguas","status":"publish","type":"post","link":"https:\/\/www.ocorreionews.com.br\/acervo-correio\/?p=248363","title":{"rendered":"Condenado por inc\u00eandio foi apreendido em Para\u00edso das \u00c1guas"},"content":{"rendered":"<p>Na \u00faltima sexta-feira (11), um homem de 36 anos que estava foragido da justi\u00e7a por causar inc\u00eandio, foi preso na cidade de Para\u00edso das \u00c1guas.<\/p>\n<p>De acordo com informa\u00e7\u00f5es do Boletim de Ocorr\u00eancia, por volta das 15h policias militares de Para\u00edso, durante abordagem a um indiv\u00edduo em atitude suspeita foi realizado checagem nos sistemas de pesquisas \u00a0SIGO, onde foi constatado o mandado de pris\u00e3o emitido pela 1\u00aa VARA DA COMARCA DE CHAPAD\u00c3O DO SUL\/MS, com condena\u00e7\u00e3o a 4 anos de pris\u00e3o pelo crime de inc\u00eandio.<\/p>\n<p>Diante dos fatos, o homem recebeu voz de pris\u00e3o sendo encaminhado para Delegacia de Pol\u00edcia.<\/p>\n<p>&nbsp;<\/p>\n<p>&nbsp;<\/p>\n<div class=\"entry-content clearfix single-post-content\">\n<p><em>*O Correio News, com informa\u00e7\u00f5es da Assessoria de Comunica\u00e7\u00e3o da Pol\u00edcia Militar\u00a0\u00a0<\/em><\/p>\n<\/div>\n<div class=\"post-share single-post-share bottom-share clearfix style-1\">\n<div class=\"post-share-btn-group\"><\/div>\n<div class=\"share-handler-wrap bs-pretty-tabs bs-pretty-tabs-initialized\"><\/div>\n<\/div>\n","protected":false},"excerpt":{"rendered":"<p>Na \u00faltima sexta-feira (11), um homem de 36 anos que estava foragido da justi\u00e7a por causar inc\u00eandio, foi preso na cidade de Para\u00edso das \u00c1guas. De acordo com informa\u00e7\u00f5es do Boletim de Ocorr\u00eancia, por volta das 15h policias militares de Para\u00edso, durante abordagem a um indiv\u00edduo em atitude suspeita foi realizado checagem nos sistemas de [&hellip;]<\/p>\n","protected":false},"author":5,"featured_media":239867,"comment_status":"closed","ping_status":"closed","sticky":false,"template":"","format":"standard","meta":{"footnotes":""},"categories":[36,38],"tags":[],"class_list":["post-248363","post","type-post","status-publish","format-standard","has-post-thumbnail","hentry","category-paraiso-das-aguas","category-policia"],"_links":{"self":[{"href":"https:\/\/www.ocorreionews.com.br\/acervo-correio\/index.php?rest_route=\/wp\/v2\/posts\/248363","targetHints":{"allow":["GET"]}}],"collection":[{"href":"https:\/\/www.ocorreionews.com.br\/acervo-correio\/index.php?rest_route=\/wp\/v2\/posts"}],"about":[{"href":"https:\/\/www.ocorreionews.com.br\/acervo-correio\/index.php?rest_route=\/wp\/v2\/types\/post"}],"author":[{"embeddable":true,"href":"https:\/\/www.ocorreionews.com.br\/acervo-correio\/index.php?rest_route=\/wp\/v2\/users\/5"}],"replies":[{"embeddable":true,"href":"https:\/\/www.ocorreionews.com.br\/acervo-correio\/index.php?rest_route=%2Fwp%2Fv2%2Fcomments&post=248363"}],"version-history":[{"count":2,"href":"https:\/\/www.ocorreionews.com.br\/acervo-correio\/index.php?rest_route=\/wp\/v2\/posts\/248363\/revisions"}],"predecessor-version":[{"id":248367,"href":"https:\/\/www.ocorreionews.com.br\/acervo-correio\/index.php?rest_route=\/wp\/v2\/posts\/248363\/revisions\/248367"}],"wp:featuredmedia":[{"embeddable":true,"href":"https:\/\/www.ocorreionews.com.br\/acervo-correio\/index.php?rest_route=\/wp\/v2\/media\/239867"}],"wp:attachment":[{"href":"https:\/\/www.ocorreionews.com.br\/acervo-correio\/index.php?rest_route=%2Fwp%2Fv2%2Fmedia&parent=248363"}],"wp:term":[{"taxonomy":"category","embeddable":true,"href":"https:\/\/www.ocorreionews.com.br\/acervo-correio\/index.php?rest_route=%2Fwp%2Fv2%2Fcategories&post=248363"},{"taxonomy":"post_tag","embeddable":true,"href":"https:\/\/www.ocorreionews.com.br\/acervo-correio\/index.php?rest_route=%2Fwp%2Fv2%2Ftags&post=248363"}],"curies":[{"name":"wp","href":"https:\/\/api.w.org\/{rel}","templated":true}]}}