{"id":248364,"date":"2023-08-14T08:58:20","date_gmt":"2023-08-14T12:58:20","guid":{"rendered":"https:\/\/www.ocorreionews.com.br\/acervo-correio\/?p=248364"},"modified":"2023-08-14T10:12:11","modified_gmt":"2023-08-14T14:12:11","slug":"capitao-silvio-ganhou-alta-no-dia-dos-pais","status":"publish","type":"post","link":"https:\/\/www.ocorreionews.com.br\/acervo-correio\/?p=248364","title":{"rendered":"Capit\u00e3o Silvio ganhou alta no Dia dos Pais"},"content":{"rendered":"<p>O ex-comandante da 4\u00aa CIPM\u00a0 com sede em Chapad\u00e3o do Sul, e da Pol\u00edcia Militar de Cassil\u00e2ndia, Capit\u00e3o Silvio de Oliveira, teve alta hospitalar neste domingo (13), Dia dos Pais, no Hospital da Cassems em Campo Grande.<\/p>\n<p>O policial aposentado Capit\u00e3o Silvio havia sido submetido na \u00faltima segunda-feira (07\/08) a uma cirurgia card\u00edaca.<\/p>\n<p>A recupera\u00e7\u00e3o \u00e9 delicada, por isso, Silvio dever\u00e1 permanecer mais alguns dias na cidade de Campo Grande.<\/p>\n<p>Na foto abaixo capit\u00e3o S\u00edlvio juntamente com o m\u00e9dico respons\u00e1vel pela sua cirurgia, sua esposa Sandra e da filha Diulia.<\/p>\n<p><img loading=\"lazy\" decoding=\"async\" class=\"alignnone size-full wp-image-248368\" src=\"https:\/\/www.ocorreionews.com.br\/acervo-correio\/wp-content\/uploads\/2023\/08\/silvio-deixa-hosp2.png\" alt=\"\" width=\"696\" height=\"847\" srcset=\"https:\/\/www.ocorreionews.com.br\/acervo-correio\/wp-content\/uploads\/2023\/08\/silvio-deixa-hosp2.png 696w, https:\/\/www.ocorreionews.com.br\/acervo-correio\/wp-content\/uploads\/2023\/08\/silvio-deixa-hosp2-247x300.png 247w\" sizes=\"auto, (max-width: 696px) 100vw, 696px\" \/><\/p>\n<p>Com informa\u00e7\u00f5es de Cassilandia Noticias<\/p>\n","protected":false},"excerpt":{"rendered":"<p>O ex-comandante da 4\u00aa CIPM\u00a0 com sede em Chapad\u00e3o do Sul, e da Pol\u00edcia Militar de Cassil\u00e2ndia, Capit\u00e3o Silvio de Oliveira, teve alta hospitalar neste domingo (13), Dia dos Pais, no Hospital da Cassems em Campo Grande. O policial aposentado Capit\u00e3o Silvio havia sido submetido na \u00faltima segunda-feira (07\/08) a uma cirurgia card\u00edaca. A recupera\u00e7\u00e3o [&hellip;]<\/p>\n","protected":false},"author":4,"featured_media":248366,"comment_status":"closed","ping_status":"closed","sticky":false,"template":"","format":"standard","meta":{"footnotes":""},"categories":[23],"tags":[],"class_list":["post-248364","post","type-post","status-publish","format-standard","has-post-thumbnail","hentry","category-chapadao-do-sul"],"_links":{"self":[{"href":"https:\/\/www.ocorreionews.com.br\/acervo-correio\/index.php?rest_route=\/wp\/v2\/posts\/248364","targetHints":{"allow":["GET"]}}],"collection":[{"href":"https:\/\/www.ocorreionews.com.br\/acervo-correio\/index.php?rest_route=\/wp\/v2\/posts"}],"about":[{"href":"https:\/\/www.ocorreionews.com.br\/acervo-correio\/index.php?rest_route=\/wp\/v2\/types\/post"}],"author":[{"embeddable":true,"href":"https:\/\/www.ocorreionews.com.br\/acervo-correio\/index.php?rest_route=\/wp\/v2\/users\/4"}],"replies":[{"embeddable":true,"href":"https:\/\/www.ocorreionews.com.br\/acervo-correio\/index.php?rest_route=%2Fwp%2Fv2%2Fcomments&post=248364"}],"version-history":[{"count":4,"href":"https:\/\/www.ocorreionews.com.br\/acervo-correio\/index.php?rest_route=\/wp\/v2\/posts\/248364\/revisions"}],"predecessor-version":[{"id":248385,"href":"https:\/\/www.ocorreionews.com.br\/acervo-correio\/index.php?rest_route=\/wp\/v2\/posts\/248364\/revisions\/248385"}],"wp:featuredmedia":[{"embeddable":true,"href":"https:\/\/www.ocorreionews.com.br\/acervo-correio\/index.php?rest_route=\/wp\/v2\/media\/248366"}],"wp:attachment":[{"href":"https:\/\/www.ocorreionews.com.br\/acervo-correio\/index.php?rest_route=%2Fwp%2Fv2%2Fmedia&parent=248364"}],"wp:term":[{"taxonomy":"category","embeddable":true,"href":"https:\/\/www.ocorreionews.com.br\/acervo-correio\/index.php?rest_route=%2Fwp%2Fv2%2Fcategories&post=248364"},{"taxonomy":"post_tag","embeddable":true,"href":"https:\/\/www.ocorreionews.com.br\/acervo-correio\/index.php?rest_route=%2Fwp%2Fv2%2Ftags&post=248364"}],"curies":[{"name":"wp","href":"https:\/\/api.w.org\/{rel}","templated":true}]}}