{"id":248374,"date":"2023-08-14T09:47:22","date_gmt":"2023-08-14T13:47:22","guid":{"rendered":"https:\/\/www.ocorreionews.com.br\/acervo-correio\/?p=248374"},"modified":"2023-08-14T09:47:22","modified_gmt":"2023-08-14T13:47:22","slug":"jovens-sao-presos-com-drogas-e-arma-de-fogo-em-chapadao-do-sul","status":"publish","type":"post","link":"https:\/\/www.ocorreionews.com.br\/acervo-correio\/?p=248374","title":{"rendered":"Jovens s\u00e3o presos com drogas e arma de fogo em Chapad\u00e3o do Sul"},"content":{"rendered":"<p>Na noite deste domingo (13), em uma a\u00e7\u00e3o conjunta entre as Policia Civil e Militar de Chapad\u00e3o do Sul, resultou na pris\u00e3o de um casal ambos de 18 anos por trafico e posse de armar de fogo. Outro jovem de 26 anos foi apreendido portando drogas para consumo.<\/p>\n<p>Segundo informa\u00e7\u00f5es do Boletim de Ocorr\u00eancia, por volta das 20h, os policias realizaram a entrada em um im\u00f3vel localizado na Avenida Dezesseis, na tentativa de localizar o Autor dos fatos, em incurs\u00e3o na casa dos fundos o Autor (Masculino, 18 anos) e sua namorada tamb\u00e9m de 18 anos, \u00a0foram encontrados e informado sobre a ordem de busca.<\/p>\n<p>Durante buscas dentro da residencia e foi encontrado na cozinha enrolado em um cobertor verde, um REV\u00d3LVER CALIBRE 32 e uma muni\u00e7\u00e3o CBC, intacta. Al\u00e9m disso, no im\u00f3vel foi encontrado uma por\u00e7\u00e3o de subst\u00e2ncia an\u00e1loga maconha pesando aproximadamente 7,5 gramas, e uma trouxinha de subst\u00e2ncia an\u00e1loga a coca\u00edna pesando 2,2 gramas.<\/p>\n<p>Diante dos fatos, foi perguntado se havia comercio de entorpecentes no local o Autor dos fatos confirmou que sim e havia acabado de vender a um terceiro o usu\u00e1rio (Autor dos fatos, Masculino 26 anos), que foi abordado e com ele uma trouxinha de subst\u00e2ncia an\u00e1loga a coca\u00edna pesando 5 gramas foi localizada, sendo dado voz de pris\u00e3o pelo crime de portar drogas para consumo pessoal.<\/p>\n<p>Por fim, ainda foram encontrados 04 (quatro) celulares de origem duvidosa.<\/p>\n<p>O casal como o usu\u00e1rio foram detidos e encaminhados para Delegacia de Pol\u00edcia para que sejam tomadas todas as medidas cab\u00edveis para cada um dos jovens.<\/p>\n<p><img loading=\"lazy\" decoding=\"async\" class=\"alignnone size-full wp-image-248376\" src=\"https:\/\/www.ocorreionews.com.br\/acervo-correio\/wp-content\/uploads\/2023\/08\/arma-com-jovens.jpg\" alt=\"\" width=\"739\" height=\"830\" srcset=\"https:\/\/www.ocorreionews.com.br\/acervo-correio\/wp-content\/uploads\/2023\/08\/arma-com-jovens.jpg 739w, https:\/\/www.ocorreionews.com.br\/acervo-correio\/wp-content\/uploads\/2023\/08\/arma-com-jovens-267x300.jpg 267w\" sizes=\"auto, (max-width: 739px) 100vw, 739px\" \/> <img loading=\"lazy\" decoding=\"async\" class=\"alignnone size-full wp-image-248377\" src=\"https:\/\/www.ocorreionews.com.br\/acervo-correio\/wp-content\/uploads\/2023\/08\/boca-na-16-02.jpg\" alt=\"\" width=\"1427\" height=\"1600\" srcset=\"https:\/\/www.ocorreionews.com.br\/acervo-correio\/wp-content\/uploads\/2023\/08\/boca-na-16-02.jpg 1427w, https:\/\/www.ocorreionews.com.br\/acervo-correio\/wp-content\/uploads\/2023\/08\/boca-na-16-02-268x300.jpg 268w, https:\/\/www.ocorreionews.com.br\/acervo-correio\/wp-content\/uploads\/2023\/08\/boca-na-16-02-913x1024.jpg 913w, https:\/\/www.ocorreionews.com.br\/acervo-correio\/wp-content\/uploads\/2023\/08\/boca-na-16-02-768x861.jpg 768w, https:\/\/www.ocorreionews.com.br\/acervo-correio\/wp-content\/uploads\/2023\/08\/boca-na-16-02-1370x1536.jpg 1370w\" sizes=\"auto, (max-width: 1427px) 100vw, 1427px\" \/> <img loading=\"lazy\" decoding=\"async\" class=\"alignnone size-full wp-image-248378\" src=\"https:\/\/www.ocorreionews.com.br\/acervo-correio\/wp-content\/uploads\/2023\/08\/boca-na-16.jpg\" alt=\"\" width=\"900\" height=\"1600\" srcset=\"https:\/\/www.ocorreionews.com.br\/acervo-correio\/wp-content\/uploads\/2023\/08\/boca-na-16.jpg 900w, https:\/\/www.ocorreionews.com.br\/acervo-correio\/wp-content\/uploads\/2023\/08\/boca-na-16-169x300.jpg 169w, https:\/\/www.ocorreionews.com.br\/acervo-correio\/wp-content\/uploads\/2023\/08\/boca-na-16-576x1024.jpg 576w, https:\/\/www.ocorreionews.com.br\/acervo-correio\/wp-content\/uploads\/2023\/08\/boca-na-16-768x1365.jpg 768w, https:\/\/www.ocorreionews.com.br\/acervo-correio\/wp-content\/uploads\/2023\/08\/boca-na-16-864x1536.jpg 864w\" sizes=\"auto, (max-width: 900px) 100vw, 900px\" \/><\/p>\n<p>&nbsp;<\/p>\n<p><em>*O Correio News, com informa\u00e7\u00f5es da Assessoria de Comunica\u00e7\u00e3o da Pol\u00edcia Militar<\/em><\/p>\n","protected":false},"excerpt":{"rendered":"<p>Na noite deste domingo (13), em uma a\u00e7\u00e3o conjunta entre as Policia Civil e Militar de Chapad\u00e3o do Sul, resultou na pris\u00e3o de um casal ambos de 18 anos por trafico e posse de armar de fogo. Outro jovem de 26 anos foi apreendido portando drogas para consumo. Segundo informa\u00e7\u00f5es do Boletim de Ocorr\u00eancia, por [&hellip;]<\/p>\n","protected":false},"author":5,"featured_media":248379,"comment_status":"closed","ping_status":"closed","sticky":false,"template":"","format":"standard","meta":{"footnotes":""},"categories":[23,38],"tags":[],"class_list":["post-248374","post","type-post","status-publish","format-standard","has-post-thumbnail","hentry","category-chapadao-do-sul","category-policia"],"_links":{"self":[{"href":"https:\/\/www.ocorreionews.com.br\/acervo-correio\/index.php?rest_route=\/wp\/v2\/posts\/248374","targetHints":{"allow":["GET"]}}],"collection":[{"href":"https:\/\/www.ocorreionews.com.br\/acervo-correio\/index.php?rest_route=\/wp\/v2\/posts"}],"about":[{"href":"https:\/\/www.ocorreionews.com.br\/acervo-correio\/index.php?rest_route=\/wp\/v2\/types\/post"}],"author":[{"embeddable":true,"href":"https:\/\/www.ocorreionews.com.br\/acervo-correio\/index.php?rest_route=\/wp\/v2\/users\/5"}],"replies":[{"embeddable":true,"href":"https:\/\/www.ocorreionews.com.br\/acervo-correio\/index.php?rest_route=%2Fwp%2Fv2%2Fcomments&post=248374"}],"version-history":[{"count":1,"href":"https:\/\/www.ocorreionews.com.br\/acervo-correio\/index.php?rest_route=\/wp\/v2\/posts\/248374\/revisions"}],"predecessor-version":[{"id":248380,"href":"https:\/\/www.ocorreionews.com.br\/acervo-correio\/index.php?rest_route=\/wp\/v2\/posts\/248374\/revisions\/248380"}],"wp:featuredmedia":[{"embeddable":true,"href":"https:\/\/www.ocorreionews.com.br\/acervo-correio\/index.php?rest_route=\/wp\/v2\/media\/248379"}],"wp:attachment":[{"href":"https:\/\/www.ocorreionews.com.br\/acervo-correio\/index.php?rest_route=%2Fwp%2Fv2%2Fmedia&parent=248374"}],"wp:term":[{"taxonomy":"category","embeddable":true,"href":"https:\/\/www.ocorreionews.com.br\/acervo-correio\/index.php?rest_route=%2Fwp%2Fv2%2Fcategories&post=248374"},{"taxonomy":"post_tag","embeddable":true,"href":"https:\/\/www.ocorreionews.com.br\/acervo-correio\/index.php?rest_route=%2Fwp%2Fv2%2Ftags&post=248374"}],"curies":[{"name":"wp","href":"https:\/\/api.w.org\/{rel}","templated":true}]}}