{"id":248389,"date":"2023-08-14T10:41:33","date_gmt":"2023-08-14T14:41:33","guid":{"rendered":"https:\/\/www.ocorreionews.com.br\/acervo-correio\/?p=248389"},"modified":"2023-08-14T10:41:33","modified_gmt":"2023-08-14T14:41:33","slug":"parceria-entre-cerradinho-bio-e-prefeitura-de-chapadao-do-sul-atraves-da-casa-do-trabalhador-impulsiona-geracao-de-emprego","status":"publish","type":"post","link":"https:\/\/www.ocorreionews.com.br\/acervo-correio\/?p=248389","title":{"rendered":"Parceria entre Cerradinho Bio e Prefeitura de Chapad\u00e3o do Sul atrav\u00e9s da Casa do Trabalhador impulsiona gera\u00e7\u00e3o de emprego"},"content":{"rendered":"<p>A Secretaria Municipal de Desenvolvimento Econ\u00f4mico e Meio Ambiente (SEDEMA) atrav\u00e9s da Casa do Trabalhador visitaram a usina Cerradinho Bioenergia com o objetivo de buscar novas oportunidades para a popula\u00e7\u00e3o de Chapad\u00e3o do Sul.<\/p>\n<p>Durante a visita, foram discutidas diversas possibilidades de emprego que em breve estar\u00e3o dispon\u00edveis por meio da Casa do Trabalhador. A parceria entre munic\u00edpio e a usina CerradinhoBio pretende facilitar o acesso dos trabalhadores \u00e0s vagas de emprego que ser\u00e3o ofertadas.<\/p>\n<p>A gera\u00e7\u00e3o de emprego \u00e9 uma quest\u00e3o fundamental para o desenvolvimento econ\u00f4mico de Chapad\u00e3o do Sul, e a parceria entre a Casa do Trabalhador e a CerradinhoBio representa um importante avan\u00e7o nesse sentido. A CerradinhoBio \u00e9 uma empresa reconhecida pela sua atua\u00e7\u00e3o no setor sucroenerg\u00e9tico, o que possibilita a abertura de vagas em diferentes \u00e1reas, tais como produ\u00e7\u00e3o agr\u00edcola, industrial e administrativa.<\/p>\n<p>A Casa do Trabalhador, como agente intermediador entre as empresas e os trabalhadores, tem o papel de divulgar e encaminhar os interessados para as vagas dispon\u00edveis. Al\u00e9m disso, a entidade oferece servi\u00e7os de orienta\u00e7\u00e3o profissional, auxiliando os candidatos na elabora\u00e7\u00e3o de curr\u00edculos, prepara\u00e7\u00e3o para entrevistas e capacita\u00e7\u00e3o em diversas \u00e1reas.<\/p>\n<p>Com essa parceria, espera-se n\u00e3o apenas colaborar com a gera\u00e7\u00e3o de emprego, mas tamb\u00e9m promover o desenvolvimento econ\u00f4mico sustent\u00e1vel da regi\u00e3o. A CerradinhoBio tem se destacado por sua atua\u00e7\u00e3o respons\u00e1vel e comprometida com a preserva\u00e7\u00e3o ambiental, sendo uma refer\u00eancia no setor. Dessa forma, a parceria busca alinhar a busca por emprego com a preserva\u00e7\u00e3o ambiental, contribuindo para uma economia local mais diversificada e consciente.<\/p>\n<p>A Casa do Trabalhador de Chapad\u00e3o do Sul continuar\u00e1 trabalhando em conjunto com outras empresas locais e regionais para a amplia\u00e7\u00e3o das oportunidades de emprego. A parceria com a Cerradinho Bioenergia \u00e9 apenas um exemplo do empenho em criar um ambiente favor\u00e1vel para a gera\u00e7\u00e3o de empregos de qualidade e para o fortalecimento da economia do munic\u00edpio.<\/p>\n<p>Se voc\u00ea est\u00e1 em busca de uma nova oportunidade compare\u00e7a \u00e0 Casa do Trabalhador durante o hor\u00e1rio de atendimento, portando documentos pessoais, como RG e CPF. A Casa do Trabalhador, est\u00e1 localizada na Secretaria Municipal de Desenvolvimento Econ\u00f4mico e Meio Ambiente \u2013 SEDEMA, situada no Pa\u00e7o Municipal, na Avenida Onze, n\u00famero 1045 &#8211; Centro. Para candidatar-se a vagas, o hor\u00e1rio de atendimento ser\u00e1 das 07h00 \u00e0s 11h00, no hor\u00e1rio de Mato Grosso do Sul.<\/p>\n<p>N\u00e3o perca tempo, pois as vagas s\u00e3o limitadas e essa pode ser a sua grande oportunidade de ingressar no mercado de trabalho e construir uma carreira de sucesso!<\/p>\n<p>&nbsp;<\/p>\n<p>&nbsp;<\/p>\n<p>*Assessoria<\/p>\n","protected":false},"excerpt":{"rendered":"<p>A Secretaria Municipal de Desenvolvimento Econ\u00f4mico e Meio Ambiente (SEDEMA) atrav\u00e9s da Casa do Trabalhador visitaram a usina Cerradinho Bioenergia com o objetivo de buscar novas oportunidades para a popula\u00e7\u00e3o de Chapad\u00e3o do Sul. Durante a visita, foram discutidas diversas possibilidades de emprego que em breve estar\u00e3o dispon\u00edveis por meio da Casa do Trabalhador. A [&hellip;]<\/p>\n","protected":false},"author":5,"featured_media":248390,"comment_status":"closed","ping_status":"closed","sticky":false,"template":"","format":"standard","meta":{"footnotes":""},"categories":[23],"tags":[],"class_list":["post-248389","post","type-post","status-publish","format-standard","has-post-thumbnail","hentry","category-chapadao-do-sul"],"_links":{"self":[{"href":"https:\/\/www.ocorreionews.com.br\/acervo-correio\/index.php?rest_route=\/wp\/v2\/posts\/248389","targetHints":{"allow":["GET"]}}],"collection":[{"href":"https:\/\/www.ocorreionews.com.br\/acervo-correio\/index.php?rest_route=\/wp\/v2\/posts"}],"about":[{"href":"https:\/\/www.ocorreionews.com.br\/acervo-correio\/index.php?rest_route=\/wp\/v2\/types\/post"}],"author":[{"embeddable":true,"href":"https:\/\/www.ocorreionews.com.br\/acervo-correio\/index.php?rest_route=\/wp\/v2\/users\/5"}],"replies":[{"embeddable":true,"href":"https:\/\/www.ocorreionews.com.br\/acervo-correio\/index.php?rest_route=%2Fwp%2Fv2%2Fcomments&post=248389"}],"version-history":[{"count":1,"href":"https:\/\/www.ocorreionews.com.br\/acervo-correio\/index.php?rest_route=\/wp\/v2\/posts\/248389\/revisions"}],"predecessor-version":[{"id":248391,"href":"https:\/\/www.ocorreionews.com.br\/acervo-correio\/index.php?rest_route=\/wp\/v2\/posts\/248389\/revisions\/248391"}],"wp:featuredmedia":[{"embeddable":true,"href":"https:\/\/www.ocorreionews.com.br\/acervo-correio\/index.php?rest_route=\/wp\/v2\/media\/248390"}],"wp:attachment":[{"href":"https:\/\/www.ocorreionews.com.br\/acervo-correio\/index.php?rest_route=%2Fwp%2Fv2%2Fmedia&parent=248389"}],"wp:term":[{"taxonomy":"category","embeddable":true,"href":"https:\/\/www.ocorreionews.com.br\/acervo-correio\/index.php?rest_route=%2Fwp%2Fv2%2Fcategories&post=248389"},{"taxonomy":"post_tag","embeddable":true,"href":"https:\/\/www.ocorreionews.com.br\/acervo-correio\/index.php?rest_route=%2Fwp%2Fv2%2Ftags&post=248389"}],"curies":[{"name":"wp","href":"https:\/\/api.w.org\/{rel}","templated":true}]}}