{"id":248634,"date":"2023-08-16T06:45:35","date_gmt":"2023-08-16T10:45:35","guid":{"rendered":"https:\/\/www.ocorreionews.com.br\/acervo-correio\/?p=248634"},"modified":"2023-08-16T06:45:35","modified_gmt":"2023-08-16T10:45:35","slug":"depois-de-rodar-o-brasil-projeto-que-imita-bombeiros-e-acusado-de-golpes-em-escolas-de-campo-grande","status":"publish","type":"post","link":"https:\/\/www.ocorreionews.com.br\/acervo-correio\/?p=248634","title":{"rendered":"Depois de rodar o Brasil, projeto que imita bombeiros \u00e9 acusado de golpes em escolas de Campo Grande"},"content":{"rendered":"<blockquote>\n<h2 class=\"wp-block-heading\"><span style=\"font-size: 14pt;\"><strong>Bombeiros de MS alegam que projeto deles \u00e9 o &#8220;Bombeiros do Amanh\u00e3&#8221;<\/strong><\/span><\/h2>\n<\/blockquote>\n<p>Pais de alunos da\u00a0Escola Municipal Etalivio Pereira Martins, no bairro Monte Castelo, em\u00a0<strong>Campo Grande<\/strong>, denunciaram o projeto &#8220;Bombeiros do Futuro&#8221;, que em sua p\u00e1gina na internet afirma oferecer cursos para crian\u00e7as sobre &#8220;ensino militar&#8221;. Eles afirmam ter tido preju\u00edzo de cerca de R$ 700 cada um por aulas que eram adiadas constantemente.<\/p>\n<p>A &#8220;convoca\u00e7\u00e3o&#8221; ainda revolta os pais. Quando chegaram em casa, os alunos disseram que um projeto dos bombeiros esteve na escola e deveriam participar de uma reuni\u00e3o \u00e0s pressas, no per\u00edodo noturno. Os que foram, ouviram palestras de meia em meia hora, com a promessa dos filhos aprenderem de hierarquia a animais pe\u00e7onhentos, durante 24 s\u00e1bados. No entanto, at\u00e9 o momento, amargaram o preju\u00edzo de cerca de R$ 700 cada um e uma aula na piscina que nem no cronograma estava.<\/p>\n<p>&#8220;Meu filho estuda nesta escola e ainda estou tentando entender como, mesmo com toda burocracia, estes golpistas conseguiram entrar dentro de uma escola municipal. O que eu sei \u00e9 que um dos integrantes da quadrilha, que fazia a capta\u00e7\u00e3o dos nomes das crian\u00e7as e vendia uniforme, estava at\u00e9 na festa junina da escola esses dias, ent\u00e3o, estou tentando entender como tiveram este v\u00ednculo. No meu caso, entregaram panfleto na sala de aula para o meu filho, ainda alegando que ele n\u00e3o podia amassar e que devia levar aos pais&#8221;, afirmou ao\u00a0<strong>Jornal Midiamax<\/strong>\u00a0a terapeuta comportamental Iana Saldanha.<\/p>\n<div><\/div>\n<div><\/div>\n<p>Segundo Iana, o fato ocorreu em uma quarta-feira e, no mesmo dia, os pais deveriam participam de uma reuni\u00e3o, em uma escola particular localizada na Rua Joaquim Murtinho. &#8220;A cada meia hora a sala enchia de pais. Era uma reuni\u00e3o r\u00e1pida onde um homem, que nem porte de bombeiro tinha, falava dos bombeiros militares e civis, explicando o plano de ensino deles, o que inclu\u00eda preven\u00e7\u00e3o de inc\u00eandios, manuseio de extintores, distin\u00e7\u00e3o de fogo de eletricidade, fogo que n\u00e3o pode apagar com \u00e1gua, preven\u00e7\u00e3o de acidentes dom\u00e9sticos, identificar animais pe\u00e7onhentos, entre outros assuntos&#8221;, contou.<\/p>\n<h2 id=\"h-proposta-era-muito-legal-24-aulas-de-agosto-a-dezembro\" class=\"wp-block-heading\">&#8216;Proposta era muito legal&#8217;: 24 aulas, de agosto a dezembro<\/h2>\n<figure class=\"wp-block-image size-full\"><img loading=\"lazy\" decoding=\"async\" class=\"wp-image-1568513 lazyautosizes lazyloaded\" src=\"https:\/\/midiamaxproducao.s3.amazonaws.com\/wp-content\/uploads\/2023\/08\/15124410\/WhatsApp-Image-2023-08-15-at-12.35.25.jpeg\" sizes=\"auto, 710px\" srcset=\"https:\/\/midiamaxproducao.s3.amazonaws.com\/wp-content\/uploads\/2023\/08\/15124410\/WhatsApp-Image-2023-08-15-at-12.35.25.jpeg 1600w, https:\/\/midiamaxproducao.s3.amazonaws.com\/wp-content\/uploads\/2023\/08\/15124410\/WhatsApp-Image-2023-08-15-at-12.35.25-300x169.jpeg 300w, https:\/\/midiamaxproducao.s3.amazonaws.com\/wp-content\/uploads\/2023\/08\/15124410\/WhatsApp-Image-2023-08-15-at-12.35.25-150x84.jpeg 150w\" alt=\"\" width=\"1600\" height=\"900\" data-src=\"https:\/\/midiamaxproducao.s3.amazonaws.com\/wp-content\/uploads\/2023\/08\/15124410\/WhatsApp-Image-2023-08-15-at-12.35.25.jpeg\" data-srcset=\"https:\/\/midiamaxproducao.s3.amazonaws.com\/wp-content\/uploads\/2023\/08\/15124410\/WhatsApp-Image-2023-08-15-at-12.35.25.jpeg 1600w, https:\/\/midiamaxproducao.s3.amazonaws.com\/wp-content\/uploads\/2023\/08\/15124410\/WhatsApp-Image-2023-08-15-at-12.35.25-300x169.jpeg 300w, https:\/\/midiamaxproducao.s3.amazonaws.com\/wp-content\/uploads\/2023\/08\/15124410\/WhatsApp-Image-2023-08-15-at-12.35.25-150x84.jpeg 150w\" data-sizes=\"auto\" \/><\/figure>\n<p>Ainda conforme a m\u00e3e, como a &#8220;proposta era muito legal&#8221; e seriam 24 s\u00e1bados, de agosto at\u00e9 o final do ano, seguindo um plano de aula em uma universidade da regi\u00e3o central, muitos pais fizeram a matr\u00edcula dos filhos. &#8220;O curso come\u00e7aria no dia 5 de agosto e, em seguida, nos colocaram em um grupo atrav\u00e9s de\u00a0<strong><a href=\"https:\/\/midiamax.uol.com.br\/politica\/2023\/projeto-de-lei-quer-proibir-estabelecimentos-de-fornecer-apenas-cardapio-por-qr-code\/\">QR Code<\/a><\/strong>. Quando foi chegando mais perto, alguns pais come\u00e7aram a questionar, porque n\u00e3o tinha quase ningu\u00e9m, da\u00ed bloquearam e deixaram s\u00f3 permiss\u00e3o dos administradores para falar&#8221;, explicou.<\/p>\n<p>Em seguida, ainda de acordo com Saldanha, foi repassado um recado que, por conta de &#8220;diverg\u00eancia entre os grupos&#8221; e pelo fato do &#8220;n\u00edvel de capta\u00e7\u00e3o de clientes&#8221; n\u00e3o ter sido como desejado, o curso come\u00e7aria somente ap\u00f3s as\u00a0<a class=\"st_tag internal_tag \" title=\"Not\u00edcias sobre f\u00e9rias\" href=\"https:\/\/midiamax.uol.com.br\/tag\/ferias\/\" rel=\"tag\">f\u00e9rias<\/a>\u00a0escolares. &#8220;Antes, iniciava no dia 17 de julho e a\u00ed iriam esperar passar as f\u00e9rias para divulgar e ter mais gente porque, segundo eles, o curso ia fornecer material de primeiros socorros, manequins para fazer massagem card\u00edaca para treinamento e tudo isso era muito caro e precisavam de mais gente inscrita&#8221;, disse.<\/p>\n<div><\/div>\n<div><\/div>\n<p>Na ocasi\u00e3o, muitos pais demonstraram ainda mais insatisfa\u00e7\u00e3o e realmente come\u00e7aram a desconfiar de golpe. &#8220;Depois, fizeram uma vota\u00e7\u00e3o, se seria 22 de julho a 5 de agosto e o pessoal acabou decidindo pelo dia 5. S\u00f3 que a\u00ed, no dia 4, uma pessoa, que disse ser o Andr\u00e9, falou que o pai dele teve um problema de sa\u00fade e ele teria que viajar. No meu caso, fui questionar no particular se s\u00f3 ele apresentaria os m\u00f3dulos e tamb\u00e9m pedir para reaver o valor, mas, nem me respondeu&#8221;, disse.<\/p>\n<h2 class=\"wp-block-heading\">Pais organizaram den\u00fancia coletiva ao Procon e \u00e0 Decon<\/h2>\n<p>Desde ent\u00e3o, Iana fala que teve a certeza de estar caindo em um golpe. Al\u00e9m dela, outros pais se mobilizaram e criaram outro grupo no WhatsApp, onde colocaram os contratos, falaram dos preju\u00edzos e todas as suas insatisfa\u00e7\u00f5es. Com o material em m\u00e3os, os pais devem comparecer ao\u00a0<strong><a href=\"https:\/\/www.procon.ms.gov.br\/\">Procon-MS\u00a0<\/a><\/strong>(\u00d3rg\u00e3o de Defesa do Consumidor) e \u00e0\u00a0<strong><a href=\"https:\/\/www.pc.ms.gov.br\/delegacias-especializadas\/decon\/\">Decon<\/a><\/strong>\u00a0(Delegacia Especializada de Repress\u00e3o aos Crimes Contra as Rela\u00e7\u00f5es de Consumo).<\/p>\n<div class=\"wp-block-image\">\n<figure class=\"alignleft size-full is-resized\"><img loading=\"lazy\" decoding=\"async\" class=\"wp-image-1568537 lazyautosizes lazyloaded\" src=\"https:\/\/midiamaxproducao.s3.amazonaws.com\/wp-content\/uploads\/2023\/08\/15131433\/image-6-11.jpg\" sizes=\"auto, 376px\" srcset=\"https:\/\/midiamaxproducao.s3.amazonaws.com\/wp-content\/uploads\/2023\/08\/15131433\/image-6-11.jpg 498w, https:\/\/midiamaxproducao.s3.amazonaws.com\/wp-content\/uploads\/2023\/08\/15131433\/image-6-11-138x300.jpg 138w, https:\/\/midiamaxproducao.s3.amazonaws.com\/wp-content\/uploads\/2023\/08\/15131433\/image-6-11-150x325.jpg 150w\" alt=\"\" width=\"376\" height=\"815\" data-src=\"https:\/\/midiamaxproducao.s3.amazonaws.com\/wp-content\/uploads\/2023\/08\/15131433\/image-6-11.jpg\" data-srcset=\"https:\/\/midiamaxproducao.s3.amazonaws.com\/wp-content\/uploads\/2023\/08\/15131433\/image-6-11.jpg 498w, https:\/\/midiamaxproducao.s3.amazonaws.com\/wp-content\/uploads\/2023\/08\/15131433\/image-6-11-138x300.jpg 138w, https:\/\/midiamaxproducao.s3.amazonaws.com\/wp-content\/uploads\/2023\/08\/15131433\/image-6-11-150x325.jpg 150w\" data-sizes=\"auto\" \/><\/figure>\n<\/div>\n<p>&#8220;Foi quando conseguimos o nome completo de um dos envolvidos e constatamos que ele tem passagens por estelionato, al\u00e9m de ser de uma empresa que aplica golpes em todo o pa\u00eds. Depois, parei para pensar em v\u00e1rios detalhes que, na hora da reuni\u00e3o, voc\u00ea n\u00e3o tem nem tempo. Eles fazem um pr\u00e9-treinamento com as crian\u00e7as, que saem empolgadas e da\u00ed nos levam a proposta e voc\u00ea fica com vontade de proporcionar isso a elas, pelo fato de tantas habilidades que prometem&#8221;, relembrou.<\/p>\n<div><\/div>\n<div><\/div>\n<p>Al\u00e9m disso, a m\u00e3e fala que j\u00e1 conhecia uma crian\u00e7a que tinha feito um treinamento com os bombeiros e achou que fosse o mesmo. &#8220;Resolvi investir, mas, hoje, entendo que a estrutura na hora l\u00e1 j\u00e1 era prec\u00e1ria. \u00c9 que eles chegam com um marketing agressivo, mas, s\u00f3 pensar um pouco, ver que o contrato deles tem uns erros de portugu\u00eas bizarros. S\u00e3o pessoas com n\u00edvel de instru\u00e7\u00e3o baixo, fora que eles jogam metade do valor se voc\u00ea pagar adiantado, o que foi o meu caso&#8221;, disse.<\/p>\n<p>Para finalizar, a m\u00e3e lamenta o ocorrido e diz que espera a puni\u00e7\u00e3o. &#8220;Eu verifiquei que, primeiro, eles estiveram em um hotel em fevereiro, enganando um monte de pais. Depois, alugaram esta sala na Joaquim Murtinho, onde eu fui. Est\u00e3o fazendo isso h\u00e1 muito tempo, no pa\u00eds inteiro. Eu nem penso no\u00a0<a class=\"st_tag internal_tag \" title=\"Not\u00edcias sobre dinheiro\" href=\"https:\/\/midiamax.uol.com.br\/tag\/dinheiro\/\" rel=\"tag\">dinheiro<\/a>\u00a0de volta, mas, acho que a diretoria da escola e a Semed [Secretaria Municipal de\u00a0<a class=\"st_tag internal_tag \" title=\"Not\u00edcias sobre Educa\u00e7\u00e3o\" href=\"https:\/\/midiamax.uol.com.br\/tag\/educacao\/\" rel=\"tag\">Educa\u00e7\u00e3o<\/a>] precisam ser responsabilizados. N\u00e3o deveriam deixar estelionat\u00e1rio ficar entrando em escola&#8221;, comentou.<\/p>\n<h2 class=\"wp-block-heading\">&#8220;Perigo que envolve piscina&#8221;: \u00fanica aula ocorreu em local inadequado<\/h2>\n<p>&#8220;Boa tarde aos pais e respons\u00e1veis. Especialmente esta semana nossa aula ser\u00e1 em um espa\u00e7o de eventos, pois vamos utilizar a piscina do espa\u00e7o. Tema da aula: Perigo que envolve Piscina&#8230;&#8221;. \u00c9 assim que iniciou o comunicado, da \u00fanica aula que ocorreu, das 10h \u00e0s 13h, na Rua Manoel Crescente Silva, bairro Universit\u00e1rio.<\/p>\n<div class=\"wp-block-image\">\n<figure class=\"alignright size-full is-resized\"><img loading=\"lazy\" decoding=\"async\" class=\"wp-image-1568538 lazyautosizes lazyloaded\" src=\"https:\/\/midiamaxproducao.s3.amazonaws.com\/wp-content\/uploads\/2023\/08\/15131623\/image-6-12.jpg\" sizes=\"auto, 426px\" srcset=\"https:\/\/midiamaxproducao.s3.amazonaws.com\/wp-content\/uploads\/2023\/08\/15131623\/image-6-12.jpg 607w, https:\/\/midiamaxproducao.s3.amazonaws.com\/wp-content\/uploads\/2023\/08\/15131623\/image-6-12-169x300.jpg 169w, https:\/\/midiamaxproducao.s3.amazonaws.com\/wp-content\/uploads\/2023\/08\/15131623\/image-6-12-150x267.jpg 150w\" alt=\"\" width=\"426\" height=\"758\" data-src=\"https:\/\/midiamaxproducao.s3.amazonaws.com\/wp-content\/uploads\/2023\/08\/15131623\/image-6-12.jpg\" data-srcset=\"https:\/\/midiamaxproducao.s3.amazonaws.com\/wp-content\/uploads\/2023\/08\/15131623\/image-6-12.jpg 607w, https:\/\/midiamaxproducao.s3.amazonaws.com\/wp-content\/uploads\/2023\/08\/15131623\/image-6-12-169x300.jpg 169w, https:\/\/midiamaxproducao.s3.amazonaws.com\/wp-content\/uploads\/2023\/08\/15131623\/image-6-12-150x267.jpg 150w\" data-sizes=\"auto\" \/><\/figure>\n<\/div>\n<p>&#8220;Passaram este local pra gente e isto nem estava no cronograma. O lugar era completamente inadequado. Olhei no Google Maps, achei incab\u00edvel e, mesmo assim, muitos pais foram. Era sem estrutura, sem \u00e1gua, em um sol insuport\u00e1vel, sem banheiro, com fios desencapados e fezes de cachorro para todos os lados&#8221;, comentou a m\u00e3e.<\/p>\n<p>Outra v\u00edtima, de um menino de 6 anos, portador de TEA (Transtorno do Espectro Autista) e que estuda na Escola Municipal Professor Carlos Henrique Schrader, localizada no Jardim Flamboyant, comentou que transferiu R$ 150 logo ap\u00f3s a palestra.<\/p>\n<p>&#8220;Eu paguei s\u00f3 isso, mas, muitos pais pagaram tudo no dia. Igual a outra m\u00e3e disse, recebemos o recado na agenda da escola. Depois, soube que os mirins colocaram o papel nos cadernos das crian\u00e7as porque o vice-diretor havia permitido e ele que liberou ap\u00f3s tr\u00eas visitas destes golpistas. E o restante da hist\u00f3ria \u00e9 igual da outra m\u00e3e. Todos ca\u00edmos em um golpe, nem o endere\u00e7o do escrit\u00f3rio que nos deram existe, ou seja, s\u00e3o pessoas que fingiram fazer parte de um grupo honesto, com banners, palestra bem explicativa e tudo mais&#8221;, falou.<\/p>\n<p>A reportagem tentou contato telef\u00f4nico com os respons\u00e1veis pelo projeto &#8220;Bombeiros do Futuro&#8221;, mas as liga\u00e7\u00f5es n\u00e3o foram atendidas. O espa\u00e7o segue aberto para esclarecimentos.<\/p>\n<h2 class=\"wp-block-heading\">Semed diz que est\u00e1 acompanhando o caso<\/h2>\n<p>O\u00a0<strong>Jornal Midiamax<\/strong>\u00a0entrou em contato com a Semed e a assessoria de imprensa do \u00f3rg\u00e3o informou que &#8220;est\u00e1 acompanhando o caso de perto e orientando novamente os diretores, professores e servidores da Reme, em geral, para n\u00e3o autorizarem pessoas e empresas entrarem nas unidades sem autoriza\u00e7\u00e3o do \u00f3rg\u00e3o central&#8221;.<\/p>\n<h2 class=\"wp-block-heading\">Bombeiros alegam que projeto deles \u00e9 o &#8220;Bombeiros do Amanh\u00e3&#8221;<\/h2>\n<figure class=\"wp-block-image size-full\"><img loading=\"lazy\" decoding=\"async\" class=\"wp-image-1568533 lazyautosizes lazyloaded\" src=\"https:\/\/midiamaxproducao.s3.amazonaws.com\/wp-content\/uploads\/2023\/08\/15130904\/image-6-10.jpg\" sizes=\"auto, 710px\" srcset=\"https:\/\/midiamaxproducao.s3.amazonaws.com\/wp-content\/uploads\/2023\/08\/15130904\/image-6-10.jpg 1536w, https:\/\/midiamaxproducao.s3.amazonaws.com\/wp-content\/uploads\/2023\/08\/15130904\/image-6-10-300x135.jpg 300w, https:\/\/midiamaxproducao.s3.amazonaws.com\/wp-content\/uploads\/2023\/08\/15130904\/image-6-10-150x67.jpg 150w\" alt=\"\" width=\"1536\" height=\"691\" data-src=\"https:\/\/midiamaxproducao.s3.amazonaws.com\/wp-content\/uploads\/2023\/08\/15130904\/image-6-10.jpg\" data-srcset=\"https:\/\/midiamaxproducao.s3.amazonaws.com\/wp-content\/uploads\/2023\/08\/15130904\/image-6-10.jpg 1536w, https:\/\/midiamaxproducao.s3.amazonaws.com\/wp-content\/uploads\/2023\/08\/15130904\/image-6-10-300x135.jpg 300w, https:\/\/midiamaxproducao.s3.amazonaws.com\/wp-content\/uploads\/2023\/08\/15130904\/image-6-10-150x67.jpg 150w\" data-sizes=\"auto\" \/><\/figure>\n<p>A reportagem tamb\u00e9m entrou em contato com o\u00a0<strong><a href=\"https:\/\/www.instagram.com\/p\/Cl6MqiHuUv8\/?utm_source=ig_web_copy_link&amp;igshid=MzRlODBiNWFlZA%3D%3D\">Corpo de Bombeiros de Mato Grosso do Sul<\/a><\/strong>, questionando sobre o uso do nome da corpora\u00e7\u00e3o em cursos e tamb\u00e9m qual \u00e9 o real projeto que \u00e9 feito com as crian\u00e7as. Segundo a assessoria de imprensa, o \u00fanico projeto envolvendo os militares se chama &#8220;Bombeiros do Amanh\u00e3&#8221;.<\/p>\n<p>O \u00faltimo treinamento, ali\u00e1s, mantido pelo 6\u00ba GBM (Grupamento de Bombeiros Militar), encerrou as atividades do ano letivo e premiou os tr\u00eas melhores alunos, em dezembro de 2022. Ao todo, 54 alunos, entre crian\u00e7as e adolescentes, receberam o certificado.<\/p>\n<p>Neste projeto, os bombeiros militares desenvolvem um projeto social que promove cidadania, inclus\u00e3o social e digital, diminui\u00e7\u00e3o da situa\u00e7\u00e3o de risco em que crian\u00e7as e adolescentes s\u00e3o submetidos e fortalecer a integra\u00e7\u00e3o entre a corpora\u00e7\u00e3o e a comunidade.<\/p>\n<h2 class=\"wp-block-heading\">Golpes em outras cidades brasileiras<\/h2>\n<p>A reportagem apurou que, usando o mesmo nome, os supostos estelionat\u00e1rios tamb\u00e9m estiveram em outras cidades brasileiras. Em novembro do ano passado, por exemplo, o CBMMG (Corpo de Bombeiros de Minas Gerais)\u00a0<strong><a href=\"https:\/\/pocosdecaldas.mg.gov.br\/noticias\/nota-da-secretaria-municipal-de-educacao\/\">emitiu um alerta<\/a><\/strong>, dizendo que empresas estariam usando o nome da corpora\u00e7\u00e3o em mensagens eletr\u00f4nicas, campanhas de arrecada\u00e7\u00e3o, emiss\u00e3o de documentos e at\u00e9 treinamentos como se fossem credenciadas pela corpora\u00e7\u00e3o.<\/p>\n<p>Neste caso, a corpora\u00e7\u00e3o descobriu que em Minas Gerais e outros estados, principalmente nas redes sociais, estava ocorrendo a divulga\u00e7\u00e3o de cursos, voltados para crian\u00e7as e adolescentes, com a tem\u00e1tica Bombeiro Aprendiz (civil ou mirim). Em alguns momentos, n\u00e3o era falado da corpora\u00e7\u00e3o, por\u00e9m, os golpistas utilizaram as cores e tra\u00e7os semelhantes aos que comp\u00f5em a identidade visual da institui\u00e7\u00e3o.<\/p>\n<p>A prefeitura do munic\u00edpio de Po\u00e7os de Caldas tamb\u00e9m se manifestou.\u00a0<strong>Veja a nota na \u00edntegra:<\/strong><\/p>\n<p>&#8220;<em>A Prefeitura Municipal de Po\u00e7os de Caldas, por meio da Secretaria Municipal de Educa\u00e7\u00e3o, informa que\u00a0<strong>N\u00c3O<\/strong>\u00a0foi contatada ou autorizou a\u00e7\u00f5es da empresa Escola Bombeirinhos do Futuro, de natureza privada, nas unidades de ensino do munic\u00edpio<\/em>.<\/p>\n<p><em>A referida empresa\u00a0<strong>N\u00c3O<\/strong>\u00a0mant\u00e9m qualquer v\u00ednculo com o Corpo de Bombeiros Militar de Minas Gerais e\u00a0<strong>N\u00c3O<\/strong>\u00a0possui termos de parceria, colabora\u00e7\u00e3o ou apoio da Prefeitura.<\/em><\/p>\n<p><em>Cabe ressaltar que as atividades realizadas em parceria pela Secretaria Municipal de Educa\u00e7\u00e3o e Corpo de Bombeiros Militar de Minas Gerais s\u00e3o desenvolvidas com objetivos estritamente pedag\u00f3gicos, sem nenhum tipo de cobran\u00e7a de taxas, mensalidades ou manuten\u00e7\u00e3o<\/em>&#8220;.<\/p>\n<div class=\"elementor-element elementor-element-1944f35 post-author elementor-widget__width-auto elementor-widget elementor-widget-shortcode\" data-id=\"1944f35\" data-element_type=\"widget\" data-widget_type=\"shortcode.default\">\n<div class=\"elementor-widget-container\">\n<div class=\"elementor-shortcode\">Graziela Rezende<\/div>\n<\/div>\n<\/div>\n<div class=\"elementor-element elementor-element-ec9eab2 elementor-widget__width-auto elementor-widget elementor-widget-text-editor\" data-id=\"ec9eab2\" data-element_type=\"widget\" data-widget_type=\"text-editor.default\">midiamax<\/div>\n","protected":false},"excerpt":{"rendered":"<p>Bombeiros de MS alegam que projeto deles \u00e9 o &#8220;Bombeiros do Amanh\u00e3&#8221; Pais de alunos da\u00a0Escola Municipal Etalivio Pereira Martins, no bairro Monte Castelo, em\u00a0Campo Grande, denunciaram o projeto &#8220;Bombeiros do Futuro&#8221;, que em sua p\u00e1gina na internet afirma oferecer cursos para crian\u00e7as sobre &#8220;ensino militar&#8221;. Eles afirmam ter tido preju\u00edzo de cerca de R$ [&hellip;]<\/p>\n","protected":false},"author":4,"featured_media":248635,"comment_status":"closed","ping_status":"closed","sticky":false,"template":"","format":"standard","meta":{"footnotes":""},"categories":[38],"tags":[],"class_list":["post-248634","post","type-post","status-publish","format-standard","has-post-thumbnail","hentry","category-policia"],"_links":{"self":[{"href":"https:\/\/www.ocorreionews.com.br\/acervo-correio\/index.php?rest_route=\/wp\/v2\/posts\/248634","targetHints":{"allow":["GET"]}}],"collection":[{"href":"https:\/\/www.ocorreionews.com.br\/acervo-correio\/index.php?rest_route=\/wp\/v2\/posts"}],"about":[{"href":"https:\/\/www.ocorreionews.com.br\/acervo-correio\/index.php?rest_route=\/wp\/v2\/types\/post"}],"author":[{"embeddable":true,"href":"https:\/\/www.ocorreionews.com.br\/acervo-correio\/index.php?rest_route=\/wp\/v2\/users\/4"}],"replies":[{"embeddable":true,"href":"https:\/\/www.ocorreionews.com.br\/acervo-correio\/index.php?rest_route=%2Fwp%2Fv2%2Fcomments&post=248634"}],"version-history":[{"count":1,"href":"https:\/\/www.ocorreionews.com.br\/acervo-correio\/index.php?rest_route=\/wp\/v2\/posts\/248634\/revisions"}],"predecessor-version":[{"id":248636,"href":"https:\/\/www.ocorreionews.com.br\/acervo-correio\/index.php?rest_route=\/wp\/v2\/posts\/248634\/revisions\/248636"}],"wp:featuredmedia":[{"embeddable":true,"href":"https:\/\/www.ocorreionews.com.br\/acervo-correio\/index.php?rest_route=\/wp\/v2\/media\/248635"}],"wp:attachment":[{"href":"https:\/\/www.ocorreionews.com.br\/acervo-correio\/index.php?rest_route=%2Fwp%2Fv2%2Fmedia&parent=248634"}],"wp:term":[{"taxonomy":"category","embeddable":true,"href":"https:\/\/www.ocorreionews.com.br\/acervo-correio\/index.php?rest_route=%2Fwp%2Fv2%2Fcategories&post=248634"},{"taxonomy":"post_tag","embeddable":true,"href":"https:\/\/www.ocorreionews.com.br\/acervo-correio\/index.php?rest_route=%2Fwp%2Fv2%2Ftags&post=248634"}],"curies":[{"name":"wp","href":"https:\/\/api.w.org\/{rel}","templated":true}]}}