{"id":248652,"date":"2023-08-16T08:14:33","date_gmt":"2023-08-16T12:14:33","guid":{"rendered":"https:\/\/www.ocorreionews.com.br\/acervo-correio\/?p=248652"},"modified":"2023-08-16T08:14:33","modified_gmt":"2023-08-16T12:14:33","slug":"figueirao-cerca-de-1-200-pessoas-participaram-da-festa-da-fazenda","status":"publish","type":"post","link":"https:\/\/www.ocorreionews.com.br\/acervo-correio\/?p=248652","title":{"rendered":"Figueir\u00e3o: Cerca de 1.200 pessoas participaram da festa da fazenda"},"content":{"rendered":"<p>Foi realizada \u00a0em Figueir\u00e3o a tradicional Festa da Fazenda de Nossa Senhora da Abadia, em sua 97\u00aa edi\u00e7\u00e3o.<\/p>\n<p>A Festa da Fazenda \u00e9 o evento que deu origem \u00e0 festa anual da Padroeira, realizada no munic\u00edpio no m\u00eas de agosto, e que j\u00e1 est\u00e1 completando 69 anos.<\/p>\n<p>Neste ano, a festa foi realizada na Ch\u00e1cara Esperan\u00e7a, localizada na regi\u00e3o do p\u00e9 da Serra das Araras (sa\u00edda para Costa Rica), de propriedade da senhora Ideildes Moraes de Souza, que foi a festeira, e teve vasta programa\u00e7\u00e3o religiosa, culminando com delicioso jantar e baile com o Grupo Sociedade Baileira, de Costa Rica.<\/p>\n<p>Houve a Santa Missa celebrada pelo em\u00e9rito Bispo da Mitra Diocesana de Coxim, Dom Otair Nicoletti juntamente com o Padre Kelson, P\u00e1roco de Figueir\u00e3o.<\/p>\n<p>A programa\u00e7\u00e3o da festa foi assim dividida: 15:00h Chegada da Santa; 16:00h Santa Missa; 17:30h Ter\u00e7o Religioso; 18:30h Queima da Fogueira e Hasteamento do Mastro com a Bandeira; 19:00h Jantar (churrasco no espeto e frango com bacuri); 20:30h Bail\u00e3o com o Grupo Sociedade Baileira e na sequ\u00eancia leil\u00e3o de prendas; 01:00h Merenda (doces e biscoitos).<\/p>\n<p>A festa teve comparecimento maci\u00e7o da popula\u00e7\u00e3o, com a presen\u00e7a de cerca de 1.200 pessoas, daqui e das cidades vizinhas, como Costa Rica, Camapu\u00e3 e Alcin\u00f3polis.<\/p>\n<p>No encerramento, foi sorteada a fazenda onde ser\u00e1 realizada a pr\u00f3xima festa, em 2024. Ser\u00e1 na Fazenda 5 I, de propriedade do casal Ideraldo e Isabete, localizada na Furnas da Piraputanga.<\/p>\n<p>A Prefeitura de Figueir\u00e3o doou a instala\u00e7\u00e3o de tendas e de banheiros qu\u00edmicos para a realiza\u00e7\u00e3o da Festa da Fazenda, e tamb\u00e9m doou a anima\u00e7\u00e3o da festa, contratando o Grupo Musical Sociedade Baileira, atrav\u00e9s do Governo de MS.<\/p>\n<p><img loading=\"lazy\" decoding=\"async\" class=\"alignnone size-full wp-image-248656\" src=\"https:\/\/www.ocorreionews.com.br\/acervo-correio\/wp-content\/uploads\/2023\/08\/festa-fazenda.jpg\" alt=\"\" width=\"800\" height=\"531\" srcset=\"https:\/\/www.ocorreionews.com.br\/acervo-correio\/wp-content\/uploads\/2023\/08\/festa-fazenda.jpg 800w, https:\/\/www.ocorreionews.com.br\/acervo-correio\/wp-content\/uploads\/2023\/08\/festa-fazenda-300x199.jpg 300w, https:\/\/www.ocorreionews.com.br\/acervo-correio\/wp-content\/uploads\/2023\/08\/festa-fazenda-768x510.jpg 768w\" sizes=\"auto, (max-width: 800px) 100vw, 800px\" \/> <img loading=\"lazy\" decoding=\"async\" class=\"alignnone size-full wp-image-248657\" src=\"https:\/\/www.ocorreionews.com.br\/acervo-correio\/wp-content\/uploads\/2023\/08\/festa-fazenda2.jpg\" alt=\"\" width=\"800\" height=\"531\" srcset=\"https:\/\/www.ocorreionews.com.br\/acervo-correio\/wp-content\/uploads\/2023\/08\/festa-fazenda2.jpg 800w, https:\/\/www.ocorreionews.com.br\/acervo-correio\/wp-content\/uploads\/2023\/08\/festa-fazenda2-300x199.jpg 300w, https:\/\/www.ocorreionews.com.br\/acervo-correio\/wp-content\/uploads\/2023\/08\/festa-fazenda2-768x510.jpg 768w\" sizes=\"auto, (max-width: 800px) 100vw, 800px\" \/> <img loading=\"lazy\" decoding=\"async\" class=\"alignnone size-full wp-image-248658\" src=\"https:\/\/www.ocorreionews.com.br\/acervo-correio\/wp-content\/uploads\/2023\/08\/festa-fazenda3.jpg\" alt=\"\" width=\"771\" height=\"531\" srcset=\"https:\/\/www.ocorreionews.com.br\/acervo-correio\/wp-content\/uploads\/2023\/08\/festa-fazenda3.jpg 771w, https:\/\/www.ocorreionews.com.br\/acervo-correio\/wp-content\/uploads\/2023\/08\/festa-fazenda3-300x207.jpg 300w, https:\/\/www.ocorreionews.com.br\/acervo-correio\/wp-content\/uploads\/2023\/08\/festa-fazenda3-768x529.jpg 768w\" sizes=\"auto, (max-width: 771px) 100vw, 771px\" \/> <img loading=\"lazy\" decoding=\"async\" class=\"alignnone size-full wp-image-248659\" src=\"https:\/\/www.ocorreionews.com.br\/acervo-correio\/wp-content\/uploads\/2023\/08\/festa-fazenda4.jpg\" alt=\"\" width=\"800\" height=\"531\" srcset=\"https:\/\/www.ocorreionews.com.br\/acervo-correio\/wp-content\/uploads\/2023\/08\/festa-fazenda4.jpg 800w, https:\/\/www.ocorreionews.com.br\/acervo-correio\/wp-content\/uploads\/2023\/08\/festa-fazenda4-300x199.jpg 300w, https:\/\/www.ocorreionews.com.br\/acervo-correio\/wp-content\/uploads\/2023\/08\/festa-fazenda4-768x510.jpg 768w\" sizes=\"auto, (max-width: 800px) 100vw, 800px\" \/> <img loading=\"lazy\" decoding=\"async\" class=\"alignnone size-full wp-image-248660\" src=\"https:\/\/www.ocorreionews.com.br\/acervo-correio\/wp-content\/uploads\/2023\/08\/festa-fazenda5.jpg\" alt=\"\" width=\"800\" height=\"531\" srcset=\"https:\/\/www.ocorreionews.com.br\/acervo-correio\/wp-content\/uploads\/2023\/08\/festa-fazenda5.jpg 800w, https:\/\/www.ocorreionews.com.br\/acervo-correio\/wp-content\/uploads\/2023\/08\/festa-fazenda5-300x199.jpg 300w, https:\/\/www.ocorreionews.com.br\/acervo-correio\/wp-content\/uploads\/2023\/08\/festa-fazenda5-768x510.jpg 768w\" sizes=\"auto, (max-width: 800px) 100vw, 800px\" \/> <img loading=\"lazy\" decoding=\"async\" class=\"alignnone size-full wp-image-248661\" src=\"https:\/\/www.ocorreionews.com.br\/acervo-correio\/wp-content\/uploads\/2023\/08\/festa-fazenda6.jpg\" alt=\"\" width=\"800\" height=\"531\" srcset=\"https:\/\/www.ocorreionews.com.br\/acervo-correio\/wp-content\/uploads\/2023\/08\/festa-fazenda6.jpg 800w, https:\/\/www.ocorreionews.com.br\/acervo-correio\/wp-content\/uploads\/2023\/08\/festa-fazenda6-300x199.jpg 300w, https:\/\/www.ocorreionews.com.br\/acervo-correio\/wp-content\/uploads\/2023\/08\/festa-fazenda6-768x510.jpg 768w\" sizes=\"auto, (max-width: 800px) 100vw, 800px\" \/><\/p>\n<p>PMFigueir\u00e3o\/RubemVasconcellos<\/p>\n","protected":false},"excerpt":{"rendered":"<p>Foi realizada \u00a0em Figueir\u00e3o a tradicional Festa da Fazenda de Nossa Senhora da Abadia, em sua 97\u00aa edi\u00e7\u00e3o. A Festa da Fazenda \u00e9 o evento que deu origem \u00e0 festa anual da Padroeira, realizada no munic\u00edpio no m\u00eas de agosto, e que j\u00e1 est\u00e1 completando 69 anos. Neste ano, a festa foi realizada na Ch\u00e1cara [&hellip;]<\/p>\n","protected":false},"author":4,"featured_media":248656,"comment_status":"closed","ping_status":"closed","sticky":false,"template":"","format":"standard","meta":{"footnotes":""},"categories":[30],"tags":[],"class_list":["post-248652","post","type-post","status-publish","format-standard","has-post-thumbnail","hentry","category-figueirao"],"_links":{"self":[{"href":"https:\/\/www.ocorreionews.com.br\/acervo-correio\/index.php?rest_route=\/wp\/v2\/posts\/248652","targetHints":{"allow":["GET"]}}],"collection":[{"href":"https:\/\/www.ocorreionews.com.br\/acervo-correio\/index.php?rest_route=\/wp\/v2\/posts"}],"about":[{"href":"https:\/\/www.ocorreionews.com.br\/acervo-correio\/index.php?rest_route=\/wp\/v2\/types\/post"}],"author":[{"embeddable":true,"href":"https:\/\/www.ocorreionews.com.br\/acervo-correio\/index.php?rest_route=\/wp\/v2\/users\/4"}],"replies":[{"embeddable":true,"href":"https:\/\/www.ocorreionews.com.br\/acervo-correio\/index.php?rest_route=%2Fwp%2Fv2%2Fcomments&post=248652"}],"version-history":[{"count":1,"href":"https:\/\/www.ocorreionews.com.br\/acervo-correio\/index.php?rest_route=\/wp\/v2\/posts\/248652\/revisions"}],"predecessor-version":[{"id":248662,"href":"https:\/\/www.ocorreionews.com.br\/acervo-correio\/index.php?rest_route=\/wp\/v2\/posts\/248652\/revisions\/248662"}],"wp:featuredmedia":[{"embeddable":true,"href":"https:\/\/www.ocorreionews.com.br\/acervo-correio\/index.php?rest_route=\/wp\/v2\/media\/248656"}],"wp:attachment":[{"href":"https:\/\/www.ocorreionews.com.br\/acervo-correio\/index.php?rest_route=%2Fwp%2Fv2%2Fmedia&parent=248652"}],"wp:term":[{"taxonomy":"category","embeddable":true,"href":"https:\/\/www.ocorreionews.com.br\/acervo-correio\/index.php?rest_route=%2Fwp%2Fv2%2Fcategories&post=248652"},{"taxonomy":"post_tag","embeddable":true,"href":"https:\/\/www.ocorreionews.com.br\/acervo-correio\/index.php?rest_route=%2Fwp%2Fv2%2Ftags&post=248652"}],"curies":[{"name":"wp","href":"https:\/\/api.w.org\/{rel}","templated":true}]}}