{"id":248654,"date":"2023-08-16T08:07:52","date_gmt":"2023-08-16T12:07:52","guid":{"rendered":"https:\/\/www.ocorreionews.com.br\/acervo-correio\/?p=248654"},"modified":"2023-08-16T08:07:52","modified_gmt":"2023-08-16T12:07:52","slug":"mutirao-de-vacinacao-pretende-colocar-em-dia-calendario-vacinal-dos-paraisenses","status":"publish","type":"post","link":"https:\/\/www.ocorreionews.com.br\/acervo-correio\/?p=248654","title":{"rendered":"Mutir\u00e3o de Vacina\u00e7\u00e3o pretende colocar em dia calend\u00e1rio vacinal dos para\u00edsenses"},"content":{"rendered":"<p>Para\u00edso das \u00c1guas participa durante todo o m\u00eas de Agosto, com intensifica\u00e7\u00e3o entre os dias 21 de agosto e 01 de setembro do Programa MS Vacina Mais: Uma a\u00e7\u00e3o do Governo do Estado de Mato Grosso do Sul e Secretaria Estadual de Sa\u00fade em parceria com a ATEN\u00c7\u00c3O B\u00c1SICA e os munic\u00edpios do Estado.<\/p>\n<p>O objetivo \u00e9 colocar em dia vacinas de rotina de toda a popula\u00e7\u00e3o adulta como Covid, Influenza (para grupos priorit\u00e1rios), Hepatite, Antitet\u00e2nica, Febre amarela, Sarampo, entre outras e colocar em dia as cadernetas de vacina com doses atrasadas de Sarampo, Pneumoc\u00f3cica, Pentavalente e Poliomielite em todas as crian\u00e7as de at\u00e9 5 anos.<\/p>\n<p>De acordo com a enfermeira e coordenadora municipal de imuniza\u00e7\u00e3o de Para\u00edso das \u00c1guas, Julianna Silveira Zancanaro, o objetivo da a\u00e7\u00e3o \u00e9 aumentar a cobertura vacinal da popula\u00e7\u00e3o em rela\u00e7\u00e3o a diversas doen\u00e7as.<\/p>\n<p>\u201cCom a pandemia da Covid-19 e o isolamento social as coberturas vacinais ca\u00edram muito, principalmente entre as crian\u00e7as: No Estado do Mato Grosso do Sul, algumas coberturas para vacinas obrigat\u00f3rias nos 2 primeiros anos de vida est\u00e1 em torno de 75% quando deveria estar em torno de 90-95%, que s\u00e3o os valores fixados pelas metas nacionais.\u201d, afirma a enfermeira.<\/p>\n<p>Para aqueles que pretendem colocar a carteira de vacina\u00e7\u00e3o em dia, a Prefeitura de Para\u00edso das \u00c1guas contar\u00e1 com hor\u00e1rio estendido nas salas de vacina\u00e7\u00e3o.<\/p>\n<p>Na Unidade B\u00e1sica de Sa\u00fade da sede do munic\u00edpio, o hor\u00e1rio para as imuniza\u00e7\u00f5es ser\u00e1 das 7 da manh\u00e3 ao meio dia e das 13 \u00e0s 17 horas.<\/p>\n<p>Nos distritos de Pouso Alto e Bela Alvorada o hor\u00e1rio de atendimento ser\u00e1 das 7 \u00e0s 12 e das 13 \u00e0s 16 horas.<\/p>\n<p>Para colocar as vacinas em dia basta levar a carteirinha de vacina\u00e7\u00e3o ou os documentos que comprovem doses anteriormente aplicadas. A vacina\u00e7\u00e3o, para diversas doen\u00e7as, garante mais sa\u00fade para o indiv\u00edduo, para sua fam\u00edlia e comunidade. Vacine-se!<\/p>\n<p><img loading=\"lazy\" decoding=\"async\" class=\"lb-image aligncenter\" src=\"http:\/\/www.paraisodasaguas.ms.gov.br\/uploads\/noticia\/whatsapp-image-2023-08-15-at-093910.jpeg\" width=\"597\" height=\"590\" \/><\/p>\n<p>&nbsp;<\/p>\n<p>&nbsp;<\/p>\n<p>*Assecom PMPA<\/p>\n","protected":false},"excerpt":{"rendered":"<p>Para\u00edso das \u00c1guas participa durante todo o m\u00eas de Agosto, com intensifica\u00e7\u00e3o entre os dias 21 de agosto e 01 de setembro do Programa MS Vacina Mais: Uma a\u00e7\u00e3o do Governo do Estado de Mato Grosso do Sul e Secretaria Estadual de Sa\u00fade em parceria com a ATEN\u00c7\u00c3O B\u00c1SICA e os munic\u00edpios do Estado. O [&hellip;]<\/p>\n","protected":false},"author":5,"featured_media":240399,"comment_status":"closed","ping_status":"closed","sticky":false,"template":"","format":"standard","meta":{"footnotes":""},"categories":[36],"tags":[],"class_list":["post-248654","post","type-post","status-publish","format-standard","has-post-thumbnail","hentry","category-paraiso-das-aguas"],"_links":{"self":[{"href":"https:\/\/www.ocorreionews.com.br\/acervo-correio\/index.php?rest_route=\/wp\/v2\/posts\/248654","targetHints":{"allow":["GET"]}}],"collection":[{"href":"https:\/\/www.ocorreionews.com.br\/acervo-correio\/index.php?rest_route=\/wp\/v2\/posts"}],"about":[{"href":"https:\/\/www.ocorreionews.com.br\/acervo-correio\/index.php?rest_route=\/wp\/v2\/types\/post"}],"author":[{"embeddable":true,"href":"https:\/\/www.ocorreionews.com.br\/acervo-correio\/index.php?rest_route=\/wp\/v2\/users\/5"}],"replies":[{"embeddable":true,"href":"https:\/\/www.ocorreionews.com.br\/acervo-correio\/index.php?rest_route=%2Fwp%2Fv2%2Fcomments&post=248654"}],"version-history":[{"count":1,"href":"https:\/\/www.ocorreionews.com.br\/acervo-correio\/index.php?rest_route=\/wp\/v2\/posts\/248654\/revisions"}],"predecessor-version":[{"id":248655,"href":"https:\/\/www.ocorreionews.com.br\/acervo-correio\/index.php?rest_route=\/wp\/v2\/posts\/248654\/revisions\/248655"}],"wp:featuredmedia":[{"embeddable":true,"href":"https:\/\/www.ocorreionews.com.br\/acervo-correio\/index.php?rest_route=\/wp\/v2\/media\/240399"}],"wp:attachment":[{"href":"https:\/\/www.ocorreionews.com.br\/acervo-correio\/index.php?rest_route=%2Fwp%2Fv2%2Fmedia&parent=248654"}],"wp:term":[{"taxonomy":"category","embeddable":true,"href":"https:\/\/www.ocorreionews.com.br\/acervo-correio\/index.php?rest_route=%2Fwp%2Fv2%2Fcategories&post=248654"},{"taxonomy":"post_tag","embeddable":true,"href":"https:\/\/www.ocorreionews.com.br\/acervo-correio\/index.php?rest_route=%2Fwp%2Fv2%2Ftags&post=248654"}],"curies":[{"name":"wp","href":"https:\/\/api.w.org\/{rel}","templated":true}]}}