{"id":248680,"date":"2023-08-16T10:25:33","date_gmt":"2023-08-16T14:25:33","guid":{"rendered":"https:\/\/www.ocorreionews.com.br\/acervo-correio\/?p=248680"},"modified":"2023-08-16T10:27:10","modified_gmt":"2023-08-16T14:27:10","slug":"alunos-do-projeto-camara-vai-a-escola-de-chapadao-do-sul-visitaram-brasilia","status":"publish","type":"post","link":"https:\/\/www.ocorreionews.com.br\/acervo-correio\/?p=248680","title":{"rendered":"Alunos do \u201cProjeto C\u00e2mara Vai \u00e0 Escola\u201d de Chapad\u00e3o do Sul visitaram Bras\u00edlia"},"content":{"rendered":"<p>A terceira etapa do projeto \u201cC\u00e2mara Vai \u00e0 Escola\u201d, que aconteceu na \u00faltima semana, com uma viagem \u00e0 Bras\u00edlia. O projeto \u00e9 um dos mais importantes da hist\u00f3ria do Legislativo Municipal e tem o objetivo de apresentar aos alunos como funcionam os poderes legislativo, executivo e judici\u00e1rio, e quais s\u00e3o suas respectivas fun\u00e7\u00f5es, aproximando desta forma, os estudantes \u00e0 pol\u00edtica.<\/p>\n<p>Na primeira fase do projeto, executada no primeiro semestre de 2023, foram feitas elei\u00e7\u00f5es nas escolas participantes, onde os alunos votaram para escolher qual colega representaria cada institui\u00e7\u00e3o. Em seguida, durante as sess\u00f5es, os representantes eleitos participaram das sess\u00f5es, discursando no Plen\u00e1rio da C\u00e2mara Municipal, apresentando as reivindica\u00e7\u00f5es da comunidade escolar e da popula\u00e7\u00e3o em geral. No in\u00edcio de agosto, alunos e vereadores foram at\u00e9 \u00e0 Capital do estado, para a segunda fase do projeto. Em Campo Grande, conheceram o Tribunal de Contas de Mato Grosso do Sul (TCE-MS), a Assembleia Legislativa de Mato Grosso do Sul (ALEMS), a sede do Governo do Estado \u00a0 o Bioparque Pantanal, o maior aqu\u00e1rio de \u00e1gua doce do mundo.<\/p>\n<p><img decoding=\"async\" src=\"https:\/\/www.camarachapadaodosul.ms.gov.br\/\/uploads\/wysiwyg\/\/100bc33d6.jpg\" alt=\"\" \/><\/p>\n<p>A terceira fase do \u201cC\u00e2mara vai \u00e0 Escola\u201d, foi uma viagem at\u00e9 Bras\u00edlia\/DF, para que os alunos conhecessem os tr\u00eas poderes em \u00e2mbito nacional. Na capital federal, a comitiva de Chapad\u00e3o do Sul visitou o Memorial JK, Catedral Metropolitana, Museu Vivo da Hist\u00f3ria Candanga, Museu do Catetinho, Tribunal de Justi\u00e7a do Distrito Federal e dos Territ\u00f3rios, onde os alunos assistiram \u00e0 palestra com o Juiz Federal F\u00e1bio Esteves, que \u00e9 natural de Chapad\u00e3o do Sul, Congresso Nacional, C\u00e2mara dos Deputados, Senado Federal e Pra\u00e7a dos Tr\u00eas Poderes.<\/p>\n<p>O presidente da Casa de Leis, vereador Airton Ant\u00f4nio Schwantes (Tucano), enalteceu o projeto, parabenizou a participa\u00e7\u00e3o ativa dos estudantes desde a primeira fase, e destacou que essa iniciativa tem o objetivo de contribuir para uma sociedade mais engajada e participativa no exerc\u00edcio da democracia.<\/p>\n<p><img decoding=\"async\" src=\"https:\/\/www.camarachapadaodosul.ms.gov.br\/\/uploads\/wysiwyg\/\/101eea79b.jpg\" alt=\"\" \/><\/p>\n<p>\u201cDeixo meu abra\u00e7o a todos que participaram do projeto C\u00e2mara vai \u00e0 Escola\u201d, que com certeza foi um grande aprendizado, tanto para n\u00f3s vereadores, quanto para os professores, coordenadores e, em especial aos alunos. Em cada lugar visitado, n\u00f3s tivemos o privil\u00e9gio \u00a0e a satisfa\u00e7\u00e3o de aprender e conhecer, como funcionam os tr\u00eas poderes na esfera federal e, pudemos ouvir o nosso juiz federal e filho dessa terra, Dr. F\u00e1bio Esteves, que fez uma palestra maravilhosa e nos emocionou com suas palavras. Ficamos comovidos, muito felizes e orgulhosos\u201d.<\/p>\n<p>&nbsp;<\/p>\n<p><img decoding=\"async\" src=\"https:\/\/www.camarachapadaodosul.ms.gov.br\/\/uploads\/wysiwyg\/\/1022ea978.jpg\" alt=\"\" \/><\/p>\n<p>&nbsp;<\/p>\n<p>*Assessoria C\u00e2mara Municipal<\/p>\n","protected":false},"excerpt":{"rendered":"<p>A terceira etapa do projeto \u201cC\u00e2mara Vai \u00e0 Escola\u201d, que aconteceu na \u00faltima semana, com uma viagem \u00e0 Bras\u00edlia. O projeto \u00e9 um dos mais importantes da hist\u00f3ria do Legislativo Municipal e tem o objetivo de apresentar aos alunos como funcionam os poderes legislativo, executivo e judici\u00e1rio, e quais s\u00e3o suas respectivas fun\u00e7\u00f5es, aproximando desta [&hellip;]<\/p>\n","protected":false},"author":5,"featured_media":248685,"comment_status":"closed","ping_status":"closed","sticky":false,"template":"","format":"standard","meta":{"footnotes":""},"categories":[23,41],"tags":[],"class_list":["post-248680","post","type-post","status-publish","format-standard","has-post-thumbnail","hentry","category-chapadao-do-sul","category-destaque"],"_links":{"self":[{"href":"https:\/\/www.ocorreionews.com.br\/acervo-correio\/index.php?rest_route=\/wp\/v2\/posts\/248680","targetHints":{"allow":["GET"]}}],"collection":[{"href":"https:\/\/www.ocorreionews.com.br\/acervo-correio\/index.php?rest_route=\/wp\/v2\/posts"}],"about":[{"href":"https:\/\/www.ocorreionews.com.br\/acervo-correio\/index.php?rest_route=\/wp\/v2\/types\/post"}],"author":[{"embeddable":true,"href":"https:\/\/www.ocorreionews.com.br\/acervo-correio\/index.php?rest_route=\/wp\/v2\/users\/5"}],"replies":[{"embeddable":true,"href":"https:\/\/www.ocorreionews.com.br\/acervo-correio\/index.php?rest_route=%2Fwp%2Fv2%2Fcomments&post=248680"}],"version-history":[{"count":2,"href":"https:\/\/www.ocorreionews.com.br\/acervo-correio\/index.php?rest_route=\/wp\/v2\/posts\/248680\/revisions"}],"predecessor-version":[{"id":248689,"href":"https:\/\/www.ocorreionews.com.br\/acervo-correio\/index.php?rest_route=\/wp\/v2\/posts\/248680\/revisions\/248689"}],"wp:featuredmedia":[{"embeddable":true,"href":"https:\/\/www.ocorreionews.com.br\/acervo-correio\/index.php?rest_route=\/wp\/v2\/media\/248685"}],"wp:attachment":[{"href":"https:\/\/www.ocorreionews.com.br\/acervo-correio\/index.php?rest_route=%2Fwp%2Fv2%2Fmedia&parent=248680"}],"wp:term":[{"taxonomy":"category","embeddable":true,"href":"https:\/\/www.ocorreionews.com.br\/acervo-correio\/index.php?rest_route=%2Fwp%2Fv2%2Fcategories&post=248680"},{"taxonomy":"post_tag","embeddable":true,"href":"https:\/\/www.ocorreionews.com.br\/acervo-correio\/index.php?rest_route=%2Fwp%2Fv2%2Ftags&post=248680"}],"curies":[{"name":"wp","href":"https:\/\/api.w.org\/{rel}","templated":true}]}}