{"id":248684,"date":"2023-08-16T10:38:25","date_gmt":"2023-08-16T14:38:25","guid":{"rendered":"https:\/\/www.ocorreionews.com.br\/acervo-correio\/?p=248684"},"modified":"2023-08-16T10:38:25","modified_gmt":"2023-08-16T14:38:25","slug":"governo-suspende-licencas-para-desmatamento-no-pantanal-de-ms","status":"publish","type":"post","link":"https:\/\/www.ocorreionews.com.br\/acervo-correio\/?p=248684","title":{"rendered":"Governo suspende licen\u00e7as para desmatamento no Pantanal de MS"},"content":{"rendered":"<p>Governo suspende licen\u00e7as para desmatamento no Pantanal de MSPublicada nesta quarta-feira, a medida suspende a &#8216;supress\u00e3o de vegeta\u00e7\u00e3o nativa&#8217; e fica em vigor at\u00e9 a regulamenta\u00e7\u00e3o de uma lei estadual<\/p>\n<p>Como prometido pelo governo do Estado, foi publicado no Di\u00e1rio Oficial desta quarta-feira (16) o decreto que suspende as licen\u00e7as para o desmatamento de \u00e1reas no Pantanal de Mato Grosso do Sul. A medida vale at\u00e9 que a lei estadual sobre o tema seja regulamentada.<\/p>\n<p>Assinado pelo governador Eduardo Riedel e pelo secret\u00e1rio de Meio Ambiente, Desenvolvimento, Ci\u00eancia, Tecnologia e Inova\u00e7\u00e3o, Jaime Verruck, o decreto suspende a concess\u00e3o de licen\u00e7as ou autoriza\u00e7\u00f5es para a \u201csupress\u00e3o de vegeta\u00e7\u00e3o nativa na \u00c1rea de Uso Restrito da Plan\u00edcie Pantaneira e do Bioma Pantanal\u201d.<\/p>\n<p>O mesmo ocorre com os processos em andamento para o corte de \u00e1rvores nativas isoladas, al\u00e9m de paralisar a instaura\u00e7\u00e3o de novos pedidos.<\/p>\n<p><strong>Apesar disso, a suspens\u00e3o n\u00e3o se aplica em algumas condi\u00e7\u00f5es:<\/strong><\/p>\n<p>Se a situa\u00e7\u00e3o for considerada de utilidade p\u00fablica ou de interesse socialSe for para \u201climpeza de pastagem nativas e ex\u00f3ticas\u201d; que \u00e9 a remo\u00e7\u00e3o de esp\u00e9cies invasoras em \u00e1reas de campo limpo (como as cambar\u00e1, pateira, pimenteira, aromita, lixeira e canjiqueira) ou remo\u00e7\u00e3o das plantas que j\u00e1 foram retiradas e voltaram a brotar, desde que tenham menos de 32 cm.Para isso, no entanto, o produtor rural deve avisar o Imasul (Instituto de Meio Ambiente de Mato Grosso do Sul) por meio de um comunicado de atividade.<\/p>\n<p>A suspens\u00e3o j\u00e1 come\u00e7a a valer nesta quarta-feira (16) e muda um decreto de 2015, assinado pelo ex-governador Reinaldo Azambuja. Segundo o Riedel, a altera\u00e7\u00e3o faz parte das a\u00e7\u00f5es para conserva\u00e7\u00e3o da biodiversidade do bioma pantaneiro.<\/p>\n<p>A inten\u00e7\u00e3o \u00e9 que ela fique em vigor at\u00e9 a homologa\u00e7\u00e3o da primeira Lei do Pantanal, que deve trazer diretrizes para garantir o bem-estar na produ\u00e7\u00e3o pantaneira, sem deixar de lado a preserva\u00e7\u00e3o do bioma.<\/p>\n<p>&nbsp;<\/p>\n<p>primeiraPagina<\/p>\n","protected":false},"excerpt":{"rendered":"<p>Governo suspende licen\u00e7as para desmatamento no Pantanal de MSPublicada nesta quarta-feira, a medida suspende a &#8216;supress\u00e3o de vegeta\u00e7\u00e3o nativa&#8217; e fica em vigor at\u00e9 a regulamenta\u00e7\u00e3o de uma lei estadual Como prometido pelo governo do Estado, foi publicado no Di\u00e1rio Oficial desta quarta-feira (16) o decreto que suspende as licen\u00e7as para o desmatamento de \u00e1reas [&hellip;]<\/p>\n","protected":false},"author":4,"featured_media":247509,"comment_status":"closed","ping_status":"closed","sticky":false,"template":"","format":"standard","meta":{"footnotes":""},"categories":[31],"tags":[],"class_list":["post-248684","post","type-post","status-publish","format-standard","has-post-thumbnail","hentry","category-geral"],"_links":{"self":[{"href":"https:\/\/www.ocorreionews.com.br\/acervo-correio\/index.php?rest_route=\/wp\/v2\/posts\/248684","targetHints":{"allow":["GET"]}}],"collection":[{"href":"https:\/\/www.ocorreionews.com.br\/acervo-correio\/index.php?rest_route=\/wp\/v2\/posts"}],"about":[{"href":"https:\/\/www.ocorreionews.com.br\/acervo-correio\/index.php?rest_route=\/wp\/v2\/types\/post"}],"author":[{"embeddable":true,"href":"https:\/\/www.ocorreionews.com.br\/acervo-correio\/index.php?rest_route=\/wp\/v2\/users\/4"}],"replies":[{"embeddable":true,"href":"https:\/\/www.ocorreionews.com.br\/acervo-correio\/index.php?rest_route=%2Fwp%2Fv2%2Fcomments&post=248684"}],"version-history":[{"count":1,"href":"https:\/\/www.ocorreionews.com.br\/acervo-correio\/index.php?rest_route=\/wp\/v2\/posts\/248684\/revisions"}],"predecessor-version":[{"id":248690,"href":"https:\/\/www.ocorreionews.com.br\/acervo-correio\/index.php?rest_route=\/wp\/v2\/posts\/248684\/revisions\/248690"}],"wp:featuredmedia":[{"embeddable":true,"href":"https:\/\/www.ocorreionews.com.br\/acervo-correio\/index.php?rest_route=\/wp\/v2\/media\/247509"}],"wp:attachment":[{"href":"https:\/\/www.ocorreionews.com.br\/acervo-correio\/index.php?rest_route=%2Fwp%2Fv2%2Fmedia&parent=248684"}],"wp:term":[{"taxonomy":"category","embeddable":true,"href":"https:\/\/www.ocorreionews.com.br\/acervo-correio\/index.php?rest_route=%2Fwp%2Fv2%2Fcategories&post=248684"},{"taxonomy":"post_tag","embeddable":true,"href":"https:\/\/www.ocorreionews.com.br\/acervo-correio\/index.php?rest_route=%2Fwp%2Fv2%2Ftags&post=248684"}],"curies":[{"name":"wp","href":"https:\/\/api.w.org\/{rel}","templated":true}]}}