{"id":248693,"date":"2023-08-16T11:03:24","date_gmt":"2023-08-16T15:03:24","guid":{"rendered":"https:\/\/www.ocorreionews.com.br\/acervo-correio\/?p=248693"},"modified":"2023-08-16T14:50:49","modified_gmt":"2023-08-16T18:50:49","slug":"reinaugura-neste-sabado-em-chapadao-do-sul-a-star-agronegocios","status":"publish","type":"post","link":"https:\/\/www.ocorreionews.com.br\/acervo-correio\/?p=248693","title":{"rendered":"Reinaugura neste s\u00e1bado em Chapad\u00e3o do Sul a Star Agroneg\u00f3cios"},"content":{"rendered":"<p>Acontece neste s\u00e1bado (19), em Chapad\u00e3o do Sul, a reinaugura\u00e7\u00e3o da Star Agroneg\u00f3cios, uma empresa especializada em Rolamentos, Insumos e Implementos agr\u00edcolas.<\/p>\n<p>A inaugura\u00e7\u00e3o acontecer\u00e1 \u00e0s 17 horas (BR).<\/p>\n<p>Venha participar desta reinaugura\u00e7\u00e3o e conhecer nosso mix de produtos!<\/p>\n<p>A empresa Star Agroneg\u00f3cios estar\u00e1 localizada na Avenida \u00c2ngelo Ant\u00f4nio Gasparetto, n\u00famero 325, no Polo Empresarial de Chapad\u00e3o do Sul.<\/p>\n<p><img loading=\"lazy\" decoding=\"async\" class=\"wp-image-248732 aligncenter\" src=\"https:\/\/www.ocorreionews.com.br\/acervo-correio\/wp-content\/uploads\/2023\/08\/convite.jpg\" alt=\"\" width=\"618\" height=\"773\" srcset=\"https:\/\/www.ocorreionews.com.br\/acervo-correio\/wp-content\/uploads\/2023\/08\/convite.jpg 798w, https:\/\/www.ocorreionews.com.br\/acervo-correio\/wp-content\/uploads\/2023\/08\/convite-240x300.jpg 240w, https:\/\/www.ocorreionews.com.br\/acervo-correio\/wp-content\/uploads\/2023\/08\/convite-768x960.jpg 768w\" sizes=\"auto, (max-width: 618px) 100vw, 618px\" \/><\/p>\n","protected":false},"excerpt":{"rendered":"<p>Acontece neste s\u00e1bado (19), em Chapad\u00e3o do Sul, a reinaugura\u00e7\u00e3o da Star Agroneg\u00f3cios, uma empresa especializada em Rolamentos, Insumos e Implementos agr\u00edcolas. A inaugura\u00e7\u00e3o acontecer\u00e1 \u00e0s 17 horas (BR). Venha participar desta reinaugura\u00e7\u00e3o e conhecer nosso mix de produtos! A empresa Star Agroneg\u00f3cios estar\u00e1 localizada na Avenida \u00c2ngelo Ant\u00f4nio Gasparetto, n\u00famero 325, no Polo Empresarial [&hellip;]<\/p>\n","protected":false},"author":5,"featured_media":248739,"comment_status":"closed","ping_status":"closed","sticky":false,"template":"","format":"standard","meta":{"footnotes":""},"categories":[23,41],"tags":[],"class_list":["post-248693","post","type-post","status-publish","format-standard","has-post-thumbnail","hentry","category-chapadao-do-sul","category-destaque"],"_links":{"self":[{"href":"https:\/\/www.ocorreionews.com.br\/acervo-correio\/index.php?rest_route=\/wp\/v2\/posts\/248693","targetHints":{"allow":["GET"]}}],"collection":[{"href":"https:\/\/www.ocorreionews.com.br\/acervo-correio\/index.php?rest_route=\/wp\/v2\/posts"}],"about":[{"href":"https:\/\/www.ocorreionews.com.br\/acervo-correio\/index.php?rest_route=\/wp\/v2\/types\/post"}],"author":[{"embeddable":true,"href":"https:\/\/www.ocorreionews.com.br\/acervo-correio\/index.php?rest_route=\/wp\/v2\/users\/5"}],"replies":[{"embeddable":true,"href":"https:\/\/www.ocorreionews.com.br\/acervo-correio\/index.php?rest_route=%2Fwp%2Fv2%2Fcomments&post=248693"}],"version-history":[{"count":3,"href":"https:\/\/www.ocorreionews.com.br\/acervo-correio\/index.php?rest_route=\/wp\/v2\/posts\/248693\/revisions"}],"predecessor-version":[{"id":248743,"href":"https:\/\/www.ocorreionews.com.br\/acervo-correio\/index.php?rest_route=\/wp\/v2\/posts\/248693\/revisions\/248743"}],"wp:featuredmedia":[{"embeddable":true,"href":"https:\/\/www.ocorreionews.com.br\/acervo-correio\/index.php?rest_route=\/wp\/v2\/media\/248739"}],"wp:attachment":[{"href":"https:\/\/www.ocorreionews.com.br\/acervo-correio\/index.php?rest_route=%2Fwp%2Fv2%2Fmedia&parent=248693"}],"wp:term":[{"taxonomy":"category","embeddable":true,"href":"https:\/\/www.ocorreionews.com.br\/acervo-correio\/index.php?rest_route=%2Fwp%2Fv2%2Fcategories&post=248693"},{"taxonomy":"post_tag","embeddable":true,"href":"https:\/\/www.ocorreionews.com.br\/acervo-correio\/index.php?rest_route=%2Fwp%2Fv2%2Ftags&post=248693"}],"curies":[{"name":"wp","href":"https:\/\/api.w.org\/{rel}","templated":true}]}}