{"id":248776,"date":"2023-08-16T19:29:00","date_gmt":"2023-08-16T23:29:00","guid":{"rendered":"https:\/\/www.ocorreionews.com.br\/acervo-correio\/?p=248776"},"modified":"2023-08-16T19:29:00","modified_gmt":"2023-08-16T23:29:00","slug":"roda-de-conversa-discute-autoestima-e-empoderamento-feminino","status":"publish","type":"post","link":"https:\/\/www.ocorreionews.com.br\/acervo-correio\/?p=248776","title":{"rendered":"Roda de conversa discute autoestima e empoderamento feminino"},"content":{"rendered":"<p>A Prefeitura de Para\u00edso das \u00c1guas por meio da Secretaria de Assist\u00eancia Social, Creas e Coordenadoria de Pol\u00edticas P\u00fablicas para Mulheres, realizou nesta ter\u00e7a-feira (15) uma roda de conversa entre mulheres de nosso munic\u00edpio onde foram abordados assuntos referentes ao poder e a for\u00e7a da mulher.<\/p>\n<p>O bate-papo foi conduzido pela secret\u00e1ria de assist\u00eancia social, Rozilda Pereira, e pela coordenadora de pol\u00edticas p\u00fablicas do munic\u00edpio, Alexia Nogueira.<\/p>\n<p>Como convidada especial, o evento contou com a presen\u00e7a da ju\u00edza de direito substituta da 2\u00aa Vara da Comarca de Chapad\u00e3o o Sul, Dr\u00aa L\u00eddia Geanne Ferreira Candido.<\/p>\n<p>Durante sua participa\u00e7\u00e3o, a ju\u00edza falou sobre a import\u00e2ncia do Agosto Lil\u00e1s, m\u00eas onde se intensificam as a\u00e7\u00f5es referentes ao combate \u00e0 viol\u00eancia contra a mulher.<\/p>\n<p>Tamb\u00e9m foram abordados temas referentes aos direitos das mulheres e debatidas ideias de enfrentamento e incentivo \u00e0 den\u00fancia em casos de ass\u00e9dio e viol\u00eancia.<\/p>\n<p>O evento contou tamb\u00e9m com relatos de mulheres da comunidade, entre elas, da servidora p\u00fablica Keila Paniago.<\/p>\n<p>Ao final foram sorteados brindes e oferecido um lanche para todas as convidadas.<\/p>\n<p>Foram entregues tamb\u00e9m os kit\u2019s \u201cLa Brizza\u201d entre as mulheres que participaram dos atendimentos oferecidos pela Carreta da Beleza. As ganhadoras foram: Michele C\u00e1ceres, Ivonilda C\u00e1ceres e Ros\u00e2ngela Soares de Jesus.<\/p>\n<p>Estiveram presentes no evento: A advogada do munic\u00edpio, Dr\u00aa La\u00eds Fernanda; a psic\u00f3loga do CREAS, Michelli Tiago de Oliveira; a assistente social Zeula Furmam; a coordenadora do Programa Mais Social Silmoni Maria; e a controladora-geral do munic\u00edpio, Naiara Paes Pereira da Silva.<\/p>\n<p>ASCOM<\/p>\n","protected":false},"excerpt":{"rendered":"<p>A Prefeitura de Para\u00edso das \u00c1guas por meio da Secretaria de Assist\u00eancia Social, Creas e Coordenadoria de Pol\u00edticas P\u00fablicas para Mulheres, realizou nesta ter\u00e7a-feira (15) uma roda de conversa entre mulheres de nosso munic\u00edpio onde foram abordados assuntos referentes ao poder e a for\u00e7a da mulher. O bate-papo foi conduzido pela secret\u00e1ria de assist\u00eancia social, [&hellip;]<\/p>\n","protected":false},"author":4,"featured_media":248777,"comment_status":"closed","ping_status":"closed","sticky":false,"template":"","format":"standard","meta":{"footnotes":""},"categories":[36],"tags":[],"class_list":["post-248776","post","type-post","status-publish","format-standard","has-post-thumbnail","hentry","category-paraiso-das-aguas"],"_links":{"self":[{"href":"https:\/\/www.ocorreionews.com.br\/acervo-correio\/index.php?rest_route=\/wp\/v2\/posts\/248776","targetHints":{"allow":["GET"]}}],"collection":[{"href":"https:\/\/www.ocorreionews.com.br\/acervo-correio\/index.php?rest_route=\/wp\/v2\/posts"}],"about":[{"href":"https:\/\/www.ocorreionews.com.br\/acervo-correio\/index.php?rest_route=\/wp\/v2\/types\/post"}],"author":[{"embeddable":true,"href":"https:\/\/www.ocorreionews.com.br\/acervo-correio\/index.php?rest_route=\/wp\/v2\/users\/4"}],"replies":[{"embeddable":true,"href":"https:\/\/www.ocorreionews.com.br\/acervo-correio\/index.php?rest_route=%2Fwp%2Fv2%2Fcomments&post=248776"}],"version-history":[{"count":1,"href":"https:\/\/www.ocorreionews.com.br\/acervo-correio\/index.php?rest_route=\/wp\/v2\/posts\/248776\/revisions"}],"predecessor-version":[{"id":248778,"href":"https:\/\/www.ocorreionews.com.br\/acervo-correio\/index.php?rest_route=\/wp\/v2\/posts\/248776\/revisions\/248778"}],"wp:featuredmedia":[{"embeddable":true,"href":"https:\/\/www.ocorreionews.com.br\/acervo-correio\/index.php?rest_route=\/wp\/v2\/media\/248777"}],"wp:attachment":[{"href":"https:\/\/www.ocorreionews.com.br\/acervo-correio\/index.php?rest_route=%2Fwp%2Fv2%2Fmedia&parent=248776"}],"wp:term":[{"taxonomy":"category","embeddable":true,"href":"https:\/\/www.ocorreionews.com.br\/acervo-correio\/index.php?rest_route=%2Fwp%2Fv2%2Fcategories&post=248776"},{"taxonomy":"post_tag","embeddable":true,"href":"https:\/\/www.ocorreionews.com.br\/acervo-correio\/index.php?rest_route=%2Fwp%2Fv2%2Ftags&post=248776"}],"curies":[{"name":"wp","href":"https:\/\/api.w.org\/{rel}","templated":true}]}}