{"id":248788,"date":"2023-08-17T07:48:57","date_gmt":"2023-08-17T11:48:57","guid":{"rendered":"https:\/\/www.ocorreionews.com.br\/acervo-correio\/?p=248788"},"modified":"2023-08-17T07:48:57","modified_gmt":"2023-08-17T11:48:57","slug":"paulo-correa-destina-r-2-milhoes-em-emendas-para-saude-e-entidades-assistenciais-de-ms","status":"publish","type":"post","link":"https:\/\/www.ocorreionews.com.br\/acervo-correio\/?p=248788","title":{"rendered":"Paulo Corr\u00eaa destina R$ 2 milh\u00f5es em emendas para sa\u00fade e entidades assistenciais de MS"},"content":{"rendered":"<p>Secretarias Municipais de Sa\u00fade, de Educa\u00e7\u00e3o e entidades assistenciais sul-mato-grossenses ganhar\u00e3o f\u00f4lego de R$ 2 milh\u00f5es em seus or\u00e7amentos, a partir desta quinta-feira (17), gra\u00e7as \u00e0s emendas parlamentares destinadas pelo deputado estadual Paulo Corr\u00eaa (PSDB).<\/p>\n<p>Os recursos foram liberados hoje pelo governador Eduardo Riedel, em cumprimento \u00e0 Lei Or\u00e7amentaria Anual (LOA), que estima receitas e fixa despesas do Estado para o ano de 2023. A solenidade foi realizada na Assembleia Legislativa e contou com a presen\u00e7a de prefeitos, vereadores, secret\u00e1rios e representantes das entidades beneficiadas.<\/p>\n<p><img loading=\"lazy\" decoding=\"async\" class=\"alignnone size-full wp-image-248790\" src=\"https:\/\/www.ocorreionews.com.br\/acervo-correio\/wp-content\/uploads\/2023\/08\/paulo-investi2.jpg\" alt=\"\" width=\"1519\" height=\"1066\" srcset=\"https:\/\/www.ocorreionews.com.br\/acervo-correio\/wp-content\/uploads\/2023\/08\/paulo-investi2.jpg 1519w, https:\/\/www.ocorreionews.com.br\/acervo-correio\/wp-content\/uploads\/2023\/08\/paulo-investi2-300x211.jpg 300w, https:\/\/www.ocorreionews.com.br\/acervo-correio\/wp-content\/uploads\/2023\/08\/paulo-investi2-1024x719.jpg 1024w, https:\/\/www.ocorreionews.com.br\/acervo-correio\/wp-content\/uploads\/2023\/08\/paulo-investi2-768x539.jpg 768w\" sizes=\"auto, (max-width: 1519px) 100vw, 1519px\" \/><\/p>\n<p>\u201cQuem seleciona as emendas s\u00e3o os vereadores, os prefeitos, que sabem das necessidades dos munic\u00edpios. Constru\u00edmos a emenda junto com o governador Eduardo Riedel, que est\u00e1 nos atendendo prontamente para fazer o recurso chegar l\u00e1 na ponta, n\u00e3o pra atender o deputado, mas para atender quem mora nos bairros, quem mora nas cidades de Mato Grosso do Sul\u201d, explica o 1\u00ba secret\u00e1rio da Casa de Leis.<\/p>\n<p>Conforme Riedel, todas as emendas ser\u00e3o liberadas at\u00e9 novembro, de acordo com o envio da documenta\u00e7\u00e3o necess\u00e1ria. \u201cAmanh\u00e3 j\u00e1 ser\u00e3o liberados os R$ 21 milh\u00f5es de parte dos recursos da Sa\u00fade. Os recursos para Assist\u00eancia Social ser\u00e3o liberados conforme sa\u00edrem as documenta\u00e7\u00f5es das entidades e em outubro, no m\u00e1ximo em novembro, queremos que estejam liberados os totais R$ 48 milh\u00f5es\u201d, afirmou o governador.<\/p>\n<p>\u201cNosso especial agradecimento ao deputado Paulo Corr\u00eaa por esta emenda que destinou para Aral Moreira. Com esse recurso, vamos comprar 21 bicicletas el\u00e9trica para nossos agentes de sa\u00fade\u201d, disse o prefeito Alexandrino Garcia. \u201cPaulo Corr\u00eaa \u00e9 um deputado que est\u00e1 sempre ajudando Bonito com muito empenho e dedica\u00e7\u00e3o. Estamos na baixa temporada, em termos de recurso, e essa emenda que ele destinou vai ajudar muito a sa\u00fade do nosso munic\u00edpio\u201d, completou o prefeito Josmail Rodrigues.<\/p>\n<p>Fisioterapeuta e coordenadora do Centro de Equoterapia de Rio Verde de Mato Grosso, Bruna Gon\u00e7alves explica como a emenda destinada pelo parlamentar ajudar\u00e1 na estrutura\u00e7\u00e3o do projeto.<\/p>\n<p>\u201cHoje n\u00f3s atendemos cerca de 40 praticantes. Essa emenda ser\u00e1 de muita valia, porque com ela n\u00f3s vamos conseguir colocar borrach\u00f5es na parte interna do sal\u00e3o para que os praticantes se protejam do sol, que \u00e9 muito rigoroso no per\u00edodo da tarde\u201d, comemora.<\/p>\n<p>Munic\u00edpios e a\u00e7\u00f5es &#8211; As emendas de Paulo Corr\u00eaa contemplaram os munic\u00edpios de \u00c1gua Clara, Amambai, Anast\u00e1cio, Aquidauana, Aral Moreira, Bonito, Campo Grande, Cassil\u00e2ndia, Coronel Sapucaia, Itaquira\u00ed, Japor\u00e3, Maracaju, Mundo Novo, Navira\u00ed, Nioaque, Parana\u00edba, Ponta Por\u00e3, Porto Murtinho, Ribas do Rio Pardo, Rio Verde de Mato Grosso, Sete Quedas, Sidrol\u00e2ndia e Tr\u00eas Lagoas.<\/p>\n<p>Os recursos ser\u00e3o usados para custeio de a\u00e7\u00f5es e servi\u00e7os em sa\u00fade, compra de equipamentos de uso permanente, como aparelhos de ar condicionado, geladeiras e computadores, por exemplo, dentre outros materiais necess\u00e1rios para realiza\u00e7\u00e3o das atividades desempenhadas pelas entidades.<\/p>\n","protected":false},"excerpt":{"rendered":"<p>Secretarias Municipais de Sa\u00fade, de Educa\u00e7\u00e3o e entidades assistenciais sul-mato-grossenses ganhar\u00e3o f\u00f4lego de R$ 2 milh\u00f5es em seus or\u00e7amentos, a partir desta quinta-feira (17), gra\u00e7as \u00e0s emendas parlamentares destinadas pelo deputado estadual Paulo Corr\u00eaa (PSDB). Os recursos foram liberados hoje pelo governador Eduardo Riedel, em cumprimento \u00e0 Lei Or\u00e7amentaria Anual (LOA), que estima receitas e [&hellip;]<\/p>\n","protected":false},"author":4,"featured_media":248789,"comment_status":"closed","ping_status":"closed","sticky":false,"template":"","format":"standard","meta":{"footnotes":""},"categories":[37],"tags":[],"class_list":["post-248788","post","type-post","status-publish","format-standard","has-post-thumbnail","hentry","category-politica"],"_links":{"self":[{"href":"https:\/\/www.ocorreionews.com.br\/acervo-correio\/index.php?rest_route=\/wp\/v2\/posts\/248788","targetHints":{"allow":["GET"]}}],"collection":[{"href":"https:\/\/www.ocorreionews.com.br\/acervo-correio\/index.php?rest_route=\/wp\/v2\/posts"}],"about":[{"href":"https:\/\/www.ocorreionews.com.br\/acervo-correio\/index.php?rest_route=\/wp\/v2\/types\/post"}],"author":[{"embeddable":true,"href":"https:\/\/www.ocorreionews.com.br\/acervo-correio\/index.php?rest_route=\/wp\/v2\/users\/4"}],"replies":[{"embeddable":true,"href":"https:\/\/www.ocorreionews.com.br\/acervo-correio\/index.php?rest_route=%2Fwp%2Fv2%2Fcomments&post=248788"}],"version-history":[{"count":1,"href":"https:\/\/www.ocorreionews.com.br\/acervo-correio\/index.php?rest_route=\/wp\/v2\/posts\/248788\/revisions"}],"predecessor-version":[{"id":248791,"href":"https:\/\/www.ocorreionews.com.br\/acervo-correio\/index.php?rest_route=\/wp\/v2\/posts\/248788\/revisions\/248791"}],"wp:featuredmedia":[{"embeddable":true,"href":"https:\/\/www.ocorreionews.com.br\/acervo-correio\/index.php?rest_route=\/wp\/v2\/media\/248789"}],"wp:attachment":[{"href":"https:\/\/www.ocorreionews.com.br\/acervo-correio\/index.php?rest_route=%2Fwp%2Fv2%2Fmedia&parent=248788"}],"wp:term":[{"taxonomy":"category","embeddable":true,"href":"https:\/\/www.ocorreionews.com.br\/acervo-correio\/index.php?rest_route=%2Fwp%2Fv2%2Fcategories&post=248788"},{"taxonomy":"post_tag","embeddable":true,"href":"https:\/\/www.ocorreionews.com.br\/acervo-correio\/index.php?rest_route=%2Fwp%2Fv2%2Ftags&post=248788"}],"curies":[{"name":"wp","href":"https:\/\/api.w.org\/{rel}","templated":true}]}}