{"id":248792,"date":"2023-08-17T09:46:03","date_gmt":"2023-08-17T13:46:03","guid":{"rendered":"https:\/\/www.ocorreionews.com.br\/acervo-correio\/?p=248792"},"modified":"2023-08-17T09:46:03","modified_gmt":"2023-08-17T13:46:03","slug":"geologas-visitam-figueirao-para-fazer-inventario","status":"publish","type":"post","link":"https:\/\/www.ocorreionews.com.br\/acervo-correio\/?p=248792","title":{"rendered":"Ge\u00f3logas visitam Figueir\u00e3o para fazer invent\u00e1rio"},"content":{"rendered":"<p>Nesta quarta-feira (16\/8), o vice-prefeito Jorge Mortari, acompanhado da chefe de Gabinete Marinalva Paniago, receberam quatro professoras da UFMS e da UNIRIO, que vieram fazer o I Invent\u00e1rio da Geodiversidade da Trilha Rupestre.<\/p>\n<p>Estiveram em Figueir\u00e7ao a Ge\u00f3loga professora Dra. Sandra Garcia Gabas da UFMS; Ge\u00f3loga professora Dra. Deusa Maria da Costa Machado da UNIRIO; Ge\u00f3loga professora Dra. Patr\u00edcia Colombo Mescolotti da UFMS; e Ge\u00f3loga professora Dra. Edna Maria Facincani da UFMS.<\/p>\n<p><img loading=\"lazy\" decoding=\"async\" class=\"alignnone size-full wp-image-248812\" src=\"https:\/\/www.ocorreionews.com.br\/acervo-correio\/wp-content\/uploads\/2023\/08\/historiadoras.jpg\" alt=\"\" width=\"1156\" height=\"867\" srcset=\"https:\/\/www.ocorreionews.com.br\/acervo-correio\/wp-content\/uploads\/2023\/08\/historiadoras.jpg 1156w, https:\/\/www.ocorreionews.com.br\/acervo-correio\/wp-content\/uploads\/2023\/08\/historiadoras-300x225.jpg 300w, https:\/\/www.ocorreionews.com.br\/acervo-correio\/wp-content\/uploads\/2023\/08\/historiadoras-1024x768.jpg 1024w, https:\/\/www.ocorreionews.com.br\/acervo-correio\/wp-content\/uploads\/2023\/08\/historiadoras-768x576.jpg 768w, https:\/\/www.ocorreionews.com.br\/acervo-correio\/wp-content\/uploads\/2023\/08\/historiadoras-86x64.jpg 86w\" sizes=\"auto, (max-width: 1156px) 100vw, 1156px\" \/><\/p>\n<p>Acompanhadas da chefe de Gabinete Marinalva e do vereador Thiago In\u00e1cio, fizeram visita na resid\u00eancia do professor Admar de Ara\u00fajo, historiador, escritor e filho do fundador de Figueir\u00e3o, Mois\u00e9s de Ara\u00fajo Galv\u00e3o, onde ficaram por horas ouvindo a hist\u00f3ria de Figueir\u00e3o e suas peculiaridades, falaram sobre paleontologia e arqueologia, sobre os lugares onde possui pinturas rupestres e das cavernas existentes no munic\u00edpio.<\/p>\n<p>Sobre a cultura local, falaram das tradicionais festas religiosas, entre elas a Festa do Divino Esp\u00edrito Santo da Comunidade Quilombola de Santa Tereza e a Festa de Nossa Senhora da Abadia padroeira de Figueir\u00e3o.<\/p>\n<p><img loading=\"lazy\" decoding=\"async\" class=\"alignnone size-full wp-image-248814\" src=\"https:\/\/www.ocorreionews.com.br\/acervo-correio\/wp-content\/uploads\/2023\/08\/historiadoras3.jpg\" alt=\"\" width=\"1600\" height=\"1200\" srcset=\"https:\/\/www.ocorreionews.com.br\/acervo-correio\/wp-content\/uploads\/2023\/08\/historiadoras3.jpg 1600w, https:\/\/www.ocorreionews.com.br\/acervo-correio\/wp-content\/uploads\/2023\/08\/historiadoras3-300x225.jpg 300w, https:\/\/www.ocorreionews.com.br\/acervo-correio\/wp-content\/uploads\/2023\/08\/historiadoras3-1024x768.jpg 1024w, https:\/\/www.ocorreionews.com.br\/acervo-correio\/wp-content\/uploads\/2023\/08\/historiadoras3-768x576.jpg 768w, https:\/\/www.ocorreionews.com.br\/acervo-correio\/wp-content\/uploads\/2023\/08\/historiadoras3-1536x1152.jpg 1536w, https:\/\/www.ocorreionews.com.br\/acervo-correio\/wp-content\/uploads\/2023\/08\/historiadoras3-86x64.jpg 86w\" sizes=\"auto, (max-width: 1600px) 100vw, 1600px\" \/><\/p>\n<p>Tamb\u00e9m visitaram na resid\u00eancia o senhor Nego Pinheiro, artes\u00e3o e devoto de Nossa Senhora de F\u00e1tima, onde conheceram seus artesanatos, carrinho de boi e a capelinha de Nossa Senhora de F\u00e1tima, falaram da cultura local e ouviram v\u00e1rias hist\u00f3rias da cidade.<\/p>\n<p>&#8220;Foi uma visita muito boa e produtiva, em que tivemos a oportunidade de receb\u00ea-las e mostrar toda nossa hist\u00f3ria e cultura e poss\u00edveis locais com pinturas rupestres&#8221;, ressaltou a chefe de Gabinete Marinalva.<\/p>\n<p>Em breve as doutoras retornar\u00e3o para fazer as visitas a campo para registrar e avaliar os pontos catalogados para a trilha rupestre.<\/p>\n<p>Fonte\/Fotos: PMFigueir\u00e3o\/RubemVasconcellos<\/p>\n","protected":false},"excerpt":{"rendered":"<p>Nesta quarta-feira (16\/8), o vice-prefeito Jorge Mortari, acompanhado da chefe de Gabinete Marinalva Paniago, receberam quatro professoras da UFMS e da UNIRIO, que vieram fazer o I Invent\u00e1rio da Geodiversidade da Trilha Rupestre. Estiveram em Figueir\u00e7ao a Ge\u00f3loga professora Dra. Sandra Garcia Gabas da UFMS; Ge\u00f3loga professora Dra. Deusa Maria da Costa Machado da UNIRIO; [&hellip;]<\/p>\n","protected":false},"author":4,"featured_media":248813,"comment_status":"closed","ping_status":"closed","sticky":false,"template":"","format":"standard","meta":{"footnotes":""},"categories":[30],"tags":[],"class_list":["post-248792","post","type-post","status-publish","format-standard","has-post-thumbnail","hentry","category-figueirao"],"_links":{"self":[{"href":"https:\/\/www.ocorreionews.com.br\/acervo-correio\/index.php?rest_route=\/wp\/v2\/posts\/248792","targetHints":{"allow":["GET"]}}],"collection":[{"href":"https:\/\/www.ocorreionews.com.br\/acervo-correio\/index.php?rest_route=\/wp\/v2\/posts"}],"about":[{"href":"https:\/\/www.ocorreionews.com.br\/acervo-correio\/index.php?rest_route=\/wp\/v2\/types\/post"}],"author":[{"embeddable":true,"href":"https:\/\/www.ocorreionews.com.br\/acervo-correio\/index.php?rest_route=\/wp\/v2\/users\/4"}],"replies":[{"embeddable":true,"href":"https:\/\/www.ocorreionews.com.br\/acervo-correio\/index.php?rest_route=%2Fwp%2Fv2%2Fcomments&post=248792"}],"version-history":[{"count":1,"href":"https:\/\/www.ocorreionews.com.br\/acervo-correio\/index.php?rest_route=\/wp\/v2\/posts\/248792\/revisions"}],"predecessor-version":[{"id":248816,"href":"https:\/\/www.ocorreionews.com.br\/acervo-correio\/index.php?rest_route=\/wp\/v2\/posts\/248792\/revisions\/248816"}],"wp:featuredmedia":[{"embeddable":true,"href":"https:\/\/www.ocorreionews.com.br\/acervo-correio\/index.php?rest_route=\/wp\/v2\/media\/248813"}],"wp:attachment":[{"href":"https:\/\/www.ocorreionews.com.br\/acervo-correio\/index.php?rest_route=%2Fwp%2Fv2%2Fmedia&parent=248792"}],"wp:term":[{"taxonomy":"category","embeddable":true,"href":"https:\/\/www.ocorreionews.com.br\/acervo-correio\/index.php?rest_route=%2Fwp%2Fv2%2Fcategories&post=248792"},{"taxonomy":"post_tag","embeddable":true,"href":"https:\/\/www.ocorreionews.com.br\/acervo-correio\/index.php?rest_route=%2Fwp%2Fv2%2Ftags&post=248792"}],"curies":[{"name":"wp","href":"https:\/\/api.w.org\/{rel}","templated":true}]}}