{"id":248796,"date":"2023-08-17T08:06:55","date_gmt":"2023-08-17T12:06:55","guid":{"rendered":"https:\/\/www.ocorreionews.com.br\/acervo-correio\/?p=248796"},"modified":"2023-08-17T08:06:55","modified_gmt":"2023-08-17T12:06:55","slug":"ministerio-publico-envia-recomendacoes-sobre-o-processo-eleitoral-do-conselho-tutelar-confira","status":"publish","type":"post","link":"https:\/\/www.ocorreionews.com.br\/acervo-correio\/?p=248796","title":{"rendered":"Minist\u00e9rio P\u00fablico envia recomenda\u00e7\u00f5es sobre o processo eleitoral do Conselho Tutelar, confira"},"content":{"rendered":"<p>A Comiss\u00e3o Especial Eleitoral para Processo de Escolha dos Membros do Conselho Tutelar vem dar ampla divulga\u00e7\u00e3o do teor da recomenda\u00e7\u00e3o do Minist\u00e9rio P\u00fablico referente as cautelas e veda\u00e7\u00f5es relacionadas \u00e0 campanha eleitoral para o processo de escolha dos membros do Conselho Tutelar.<\/p>\n<p>A elei\u00e7\u00e3o ocorrer\u00e1 no dia 01 de outubro de 2023, nas Escolas Municipais Carlos Drummond de Andrade, para os eleitores que votam no Carlos Drummond, anexo SEMEAR e Escola Estadual Jorge Amado; e na Escola Cec\u00edlia Meirelles para os eleitores que votam no Cec\u00edlia Meirelles, \u00c9rico Ver\u00edssimo e Escola Estadual Augusto Krug Neto. Os 16 candidatos habilitados j\u00e1 iniciaram suas campanhas no in\u00edcio deste m\u00eas de agosto.<\/p>\n<p>Todo o processo est\u00e1 sendo realizado sob a responsabilidade do Conselho Municipal dos Direitos da Crian\u00e7a e do Adolescente, sob a fiscaliza\u00e7\u00e3o do Minist\u00e9rio P\u00fablico que atua perante ao Ju\u00edzo da Inf\u00e2ncia e Juventude da Comarca de Chapad\u00e3o do Sul. D\u00favidas e mais informa\u00e7\u00f5es podem ser solicitadas atrav\u00e9s do telefone (67) 3562-2828 ou e-mail: cmdcacs@hotmail.com.<\/p>\n<p>Confira nas imagens abaixo:<\/p>\n<p><img loading=\"lazy\" decoding=\"async\" class=\"shrinkToFit\" src=\"http:\/\/www.chapadaodosul.ms.gov.br\/admin\/arquivos\/imagem\/Recomenda%C3%A7%C3%A3o%20recebida%20do%20MPMS_page-0001.jpg\" alt=\"http:\/\/www.chapadaodosul.ms.gov.br\/admin\/arquivos\/imagem\/Recomenda%C3%A7%C3%A3o%20recebida%20do%20MPMS_page-0001.jpg\" width=\"434\" height=\"615\" \/><\/p>\n<p><img loading=\"lazy\" decoding=\"async\" class=\"shrinkToFit\" src=\"http:\/\/www.chapadaodosul.ms.gov.br\/admin\/arquivos\/imagem\/Recomenda%C3%A7%C3%A3o%20recebida%20do%20MPMS_page-0002.jpg\" alt=\"http:\/\/www.chapadaodosul.ms.gov.br\/admin\/arquivos\/imagem\/Recomenda%C3%A7%C3%A3o%20recebida%20do%20MPMS_page-0002.jpg\" width=\"434\" height=\"615\" \/><\/p>\n<p><img loading=\"lazy\" decoding=\"async\" class=\"shrinkToFit\" src=\"http:\/\/www.chapadaodosul.ms.gov.br\/admin\/arquivos\/imagem\/Recomenda%C3%A7%C3%A3o%20recebida%20do%20MPMS_page-0003.jpg\" alt=\"http:\/\/www.chapadaodosul.ms.gov.br\/admin\/arquivos\/imagem\/Recomenda%C3%A7%C3%A3o%20recebida%20do%20MPMS_page-0003.jpg\" width=\"434\" height=\"615\" \/><\/p>\n<p><img loading=\"lazy\" decoding=\"async\" class=\"shrinkToFit\" src=\"http:\/\/www.chapadaodosul.ms.gov.br\/admin\/arquivos\/imagem\/Recomenda%C3%A7%C3%A3o%20recebida%20do%20MPMS_page-0004.jpg\" alt=\"http:\/\/www.chapadaodosul.ms.gov.br\/admin\/arquivos\/imagem\/Recomenda%C3%A7%C3%A3o%20recebida%20do%20MPMS_page-0004.jpg\" width=\"434\" height=\"615\" \/><\/p>\n<p><img loading=\"lazy\" decoding=\"async\" class=\"shrinkToFit\" src=\"http:\/\/www.chapadaodosul.ms.gov.br\/admin\/arquivos\/imagem\/Recomenda%C3%A7%C3%A3o%20recebida%20do%20MPMS_page-0005.jpg\" alt=\"http:\/\/www.chapadaodosul.ms.gov.br\/admin\/arquivos\/imagem\/Recomenda%C3%A7%C3%A3o%20recebida%20do%20MPMS_page-0005.jpg\" width=\"434\" height=\"615\" \/><\/p>\n<p><img loading=\"lazy\" decoding=\"async\" class=\"shrinkToFit\" src=\"http:\/\/www.chapadaodosul.ms.gov.br\/admin\/arquivos\/imagem\/Recomenda%C3%A7%C3%A3o%20recebida%20do%20MPMS_page-0006.jpg\" alt=\"http:\/\/www.chapadaodosul.ms.gov.br\/admin\/arquivos\/imagem\/Recomenda%C3%A7%C3%A3o%20recebida%20do%20MPMS_page-0006.jpg\" width=\"434\" height=\"615\" \/><\/p>\n","protected":false},"excerpt":{"rendered":"<p>A Comiss\u00e3o Especial Eleitoral para Processo de Escolha dos Membros do Conselho Tutelar vem dar ampla divulga\u00e7\u00e3o do teor da recomenda\u00e7\u00e3o do Minist\u00e9rio P\u00fablico referente as cautelas e veda\u00e7\u00f5es relacionadas \u00e0 campanha eleitoral para o processo de escolha dos membros do Conselho Tutelar. A elei\u00e7\u00e3o ocorrer\u00e1 no dia 01 de outubro de 2023, nas Escolas [&hellip;]<\/p>\n","protected":false},"author":5,"featured_media":248214,"comment_status":"closed","ping_status":"closed","sticky":false,"template":"","format":"standard","meta":{"footnotes":""},"categories":[23],"tags":[],"class_list":["post-248796","post","type-post","status-publish","format-standard","has-post-thumbnail","hentry","category-chapadao-do-sul"],"_links":{"self":[{"href":"https:\/\/www.ocorreionews.com.br\/acervo-correio\/index.php?rest_route=\/wp\/v2\/posts\/248796","targetHints":{"allow":["GET"]}}],"collection":[{"href":"https:\/\/www.ocorreionews.com.br\/acervo-correio\/index.php?rest_route=\/wp\/v2\/posts"}],"about":[{"href":"https:\/\/www.ocorreionews.com.br\/acervo-correio\/index.php?rest_route=\/wp\/v2\/types\/post"}],"author":[{"embeddable":true,"href":"https:\/\/www.ocorreionews.com.br\/acervo-correio\/index.php?rest_route=\/wp\/v2\/users\/5"}],"replies":[{"embeddable":true,"href":"https:\/\/www.ocorreionews.com.br\/acervo-correio\/index.php?rest_route=%2Fwp%2Fv2%2Fcomments&post=248796"}],"version-history":[{"count":1,"href":"https:\/\/www.ocorreionews.com.br\/acervo-correio\/index.php?rest_route=\/wp\/v2\/posts\/248796\/revisions"}],"predecessor-version":[{"id":248797,"href":"https:\/\/www.ocorreionews.com.br\/acervo-correio\/index.php?rest_route=\/wp\/v2\/posts\/248796\/revisions\/248797"}],"wp:featuredmedia":[{"embeddable":true,"href":"https:\/\/www.ocorreionews.com.br\/acervo-correio\/index.php?rest_route=\/wp\/v2\/media\/248214"}],"wp:attachment":[{"href":"https:\/\/www.ocorreionews.com.br\/acervo-correio\/index.php?rest_route=%2Fwp%2Fv2%2Fmedia&parent=248796"}],"wp:term":[{"taxonomy":"category","embeddable":true,"href":"https:\/\/www.ocorreionews.com.br\/acervo-correio\/index.php?rest_route=%2Fwp%2Fv2%2Fcategories&post=248796"},{"taxonomy":"post_tag","embeddable":true,"href":"https:\/\/www.ocorreionews.com.br\/acervo-correio\/index.php?rest_route=%2Fwp%2Fv2%2Ftags&post=248796"}],"curies":[{"name":"wp","href":"https:\/\/api.w.org\/{rel}","templated":true}]}}