{"id":248798,"date":"2023-08-17T08:53:03","date_gmt":"2023-08-17T12:53:03","guid":{"rendered":"https:\/\/www.ocorreionews.com.br\/acervo-correio\/?p=248798"},"modified":"2023-08-17T09:11:06","modified_gmt":"2023-08-17T13:11:06","slug":"aulas-do-cei-esplanada-iniciam-na-proxima-segunda-feira","status":"publish","type":"post","link":"https:\/\/www.ocorreionews.com.br\/acervo-correio\/?p=248798","title":{"rendered":"Aulas do CEI Esplanada iniciam na pr\u00f3xima segunda-feira"},"content":{"rendered":"<p>Come\u00e7am na pr\u00f3xima segunda-feira (21), as alunas do CEI (Centro Educacional Infantil) Esplanada em Chapad\u00e3o do Sul.<\/p>\n<p>No primeiro semestre de 2023, por conta do atraso na conclus\u00e3o da obra da Escola Municipal Manoel de Barros, o pr\u00e9dio do CEI Esplanada foi utilizado para os alunos do Ensino Fundamental do munic\u00edpio.<\/p>\n<p>Localizado na Avenida Santa Catarina com a Avenida Espirito Santo, o CEI Esplanada ter\u00e1 a capacidade de atender at\u00e9 800 alunos nos dois per\u00edodos. Beneficiando a regi\u00e3o mais populosa da cidade, atendendo crian\u00e7as tanto para Creches ou na Pr\u00e9-escola.<\/p>\n<p>As matr\u00edculas est\u00e3o sendo realizadas na Secretaria de Educa\u00e7\u00e3o localizada na Avenida Onze n. 1045, Centro &#8211; Pa\u00e7o Municipal.<\/p>\n<p>A Prefeitura de Chapad\u00e3o do Sul, juntamente com Secret\u00e1ria Municipal de Educa\u00e7\u00e3o vem ampliando e reformando todos os CEIs da cidade, melhorando assim a qualidade na educa\u00e7\u00e3o infantil e tamb\u00e9m acompanhando a demanda com o grande crescimento populacional da cidade.<\/p>\n<p>O Prefeito Jo\u00e3o Carlos Krug em uma conversa com a imprensa acredita que se a cidade continuar com esse crescimento, j\u00e1 no pr\u00f3ximo ano o munic\u00edpio precisar\u00e1 construir mais uma escola municipal e tamb\u00e9m um CEI.<\/p>\n","protected":false},"excerpt":{"rendered":"<p>Come\u00e7am na pr\u00f3xima segunda-feira (21), as alunas do CEI (Centro Educacional Infantil) Esplanada em Chapad\u00e3o do Sul. No primeiro semestre de 2023, por conta do atraso na conclus\u00e3o da obra da Escola Municipal Manoel de Barros, o pr\u00e9dio do CEI Esplanada foi utilizado para os alunos do Ensino Fundamental do munic\u00edpio. Localizado na Avenida Santa [&hellip;]<\/p>\n","protected":false},"author":5,"featured_media":248799,"comment_status":"closed","ping_status":"closed","sticky":false,"template":"","format":"standard","meta":{"footnotes":""},"categories":[23,41],"tags":[],"class_list":["post-248798","post","type-post","status-publish","format-standard","has-post-thumbnail","hentry","category-chapadao-do-sul","category-destaque"],"_links":{"self":[{"href":"https:\/\/www.ocorreionews.com.br\/acervo-correio\/index.php?rest_route=\/wp\/v2\/posts\/248798","targetHints":{"allow":["GET"]}}],"collection":[{"href":"https:\/\/www.ocorreionews.com.br\/acervo-correio\/index.php?rest_route=\/wp\/v2\/posts"}],"about":[{"href":"https:\/\/www.ocorreionews.com.br\/acervo-correio\/index.php?rest_route=\/wp\/v2\/types\/post"}],"author":[{"embeddable":true,"href":"https:\/\/www.ocorreionews.com.br\/acervo-correio\/index.php?rest_route=\/wp\/v2\/users\/5"}],"replies":[{"embeddable":true,"href":"https:\/\/www.ocorreionews.com.br\/acervo-correio\/index.php?rest_route=%2Fwp%2Fv2%2Fcomments&post=248798"}],"version-history":[{"count":3,"href":"https:\/\/www.ocorreionews.com.br\/acervo-correio\/index.php?rest_route=\/wp\/v2\/posts\/248798\/revisions"}],"predecessor-version":[{"id":248807,"href":"https:\/\/www.ocorreionews.com.br\/acervo-correio\/index.php?rest_route=\/wp\/v2\/posts\/248798\/revisions\/248807"}],"wp:featuredmedia":[{"embeddable":true,"href":"https:\/\/www.ocorreionews.com.br\/acervo-correio\/index.php?rest_route=\/wp\/v2\/media\/248799"}],"wp:attachment":[{"href":"https:\/\/www.ocorreionews.com.br\/acervo-correio\/index.php?rest_route=%2Fwp%2Fv2%2Fmedia&parent=248798"}],"wp:term":[{"taxonomy":"category","embeddable":true,"href":"https:\/\/www.ocorreionews.com.br\/acervo-correio\/index.php?rest_route=%2Fwp%2Fv2%2Fcategories&post=248798"},{"taxonomy":"post_tag","embeddable":true,"href":"https:\/\/www.ocorreionews.com.br\/acervo-correio\/index.php?rest_route=%2Fwp%2Fv2%2Ftags&post=248798"}],"curies":[{"name":"wp","href":"https:\/\/api.w.org\/{rel}","templated":true}]}}