{"id":248803,"date":"2023-08-17T08:56:58","date_gmt":"2023-08-17T12:56:58","guid":{"rendered":"https:\/\/www.ocorreionews.com.br\/acervo-correio\/?p=248803"},"modified":"2023-08-17T08:56:58","modified_gmt":"2023-08-17T12:56:58","slug":"segunda-edicao-do-desafio-estadual-das-merendeiras-em-chapadao-do-sul-acontece-nesta-quinta","status":"publish","type":"post","link":"https:\/\/www.ocorreionews.com.br\/acervo-correio\/?p=248803","title":{"rendered":"Segunda Edi\u00e7\u00e3o do Desafio Estadual das Merendeiras em Chapad\u00e3o do Sul acontece nesta quinta"},"content":{"rendered":"<p>Nesta emocionante noite, o aroma delicioso de pratos cuidadosamente preparados enche o ar, enquanto a comunidade escolar de Chapad\u00e3o do Sul se re\u00fane para celebrar a segunda edi\u00e7\u00e3o do Desafio Estadual das Merendeiras. O evento, que ocorrer\u00e1 no CONVIVER a partir das 18:00, promete um espet\u00e1culo de sabores e talento culin\u00e1rio, reunindo merendeiras de diversas escolas em uma competi\u00e7\u00e3o amig\u00e1vel e saborosa.<\/p>\n<p>O Desafio Estadual das Merendeiras, que conquistou seu espa\u00e7o como uma tradi\u00e7\u00e3o anual, tem como objetivo homenagear as dedicadas profissionais que desempenham um papel fundamental no cotidiano escolar, garantindo refei\u00e7\u00f5es saborosas e nutritivas para os estudantes. Al\u00e9m disso, o evento serve como uma oportunidade \u00fanica para que essas merendeiras mostrem suas habilidades culin\u00e1rias e criatividade na cozinha.<\/p>\n<p>O CONVIVER, local escolhido para sediar o evento, j\u00e1 est\u00e1 sendo preparado para receber participantes e espectadores. Com uma atmosfera acolhedora e vibrante, o espa\u00e7o se tornar\u00e1 o cen\u00e1rio perfeito para a competi\u00e7\u00e3o culin\u00e1ria. Familiares, amigos e membros da comunidade est\u00e3o ansiosos para assistir \u00e0s merendeiras em a\u00e7\u00e3o, torcendo por seus pratos favoritos e celebrando a dedica\u00e7\u00e3o e paix\u00e3o dessas profissionais.<\/p>\n<p>A competi\u00e7\u00e3o ser\u00e1 acirrada, pois cada merendeira apresentar\u00e1 seu prato especial, criado com esmero e dedica\u00e7\u00e3o. Um painel de jurados experientes, composto por chefs renomados e especialistas em nutri\u00e7\u00e3o, avaliar\u00e1 cada prato com base em crit\u00e9rios como sabor, apresenta\u00e7\u00e3o, originalidade e valor nutricional. A merendeira que conquistar a melhor avalia\u00e7\u00e3o receber\u00e1 uma premia\u00e7\u00e3o merecida e ter\u00e1 a honra de representar Chapad\u00e3o do Sul na final do desafio, que ser\u00e1 realizada na capital do estado, Campo Grande.<\/p>\n<p>&#8220;Atr\u00e1s de cada refei\u00e7\u00e3o servida nas escolas, h\u00e1 uma hist\u00f3ria de carinho e comprometimento por parte de nossas queridas merendeiras. Este desafio n\u00e3o \u00e9 apenas sobre a culin\u00e1ria, mas tamb\u00e9m sobre reconhecer e valorizar o trabalho \u00e1rduo que elas realizam diariamente. Estamos ansiosos para testemunhar a criatividade e habilidade delas nesta noite especial&#8221;, disse Jo\u00e3o Carlos Krug, prefeito de Chapad\u00e3o do Sul.<\/p>\n<p>O Desafio Estadual das Merendeiras n\u00e3o \u00e9 apenas uma competi\u00e7\u00e3o, mas sim uma celebra\u00e7\u00e3o da dedica\u00e7\u00e3o e paix\u00e3o que essas profissionais trazem para as escolas. A comunidade escolar de Chapad\u00e3o do Sul aguarda ansiosamente por este evento emocionante, que promete destacar o talento culin\u00e1rio das merendeiras e unir a todos em torno de uma mesa repleta de sabores e hist\u00f3rias.<\/p>\n<p>O evento come\u00e7a \u00e0s 18:00 no CONVIVER. Venha participar e apoiar as merendeiras em sua busca pelo t\u00edtulo de melhor prato, enquanto celebramos juntos a arte culin\u00e1ria que une nossas escolas e comunidade.<\/p>\n<p><img decoding=\"async\" class=\"fancybox-image\" src=\"http:\/\/www.chapadaodosul.ms.gov.br\/admin\/arquivos\/imagem\/11425-imagem-do-whatsapp-de-2023-08-17-s-090518.jpg\" \/><\/p>\n<p>&nbsp;<\/p>\n<p>*Assecom PMCS<\/p>\n","protected":false},"excerpt":{"rendered":"<p>Nesta emocionante noite, o aroma delicioso de pratos cuidadosamente preparados enche o ar, enquanto a comunidade escolar de Chapad\u00e3o do Sul se re\u00fane para celebrar a segunda edi\u00e7\u00e3o do Desafio Estadual das Merendeiras. O evento, que ocorrer\u00e1 no CONVIVER a partir das 18:00, promete um espet\u00e1culo de sabores e talento culin\u00e1rio, reunindo merendeiras de diversas [&hellip;]<\/p>\n","protected":false},"author":5,"featured_media":75804,"comment_status":"closed","ping_status":"closed","sticky":false,"template":"","format":"standard","meta":{"footnotes":""},"categories":[23],"tags":[],"class_list":["post-248803","post","type-post","status-publish","format-standard","has-post-thumbnail","hentry","category-chapadao-do-sul"],"_links":{"self":[{"href":"https:\/\/www.ocorreionews.com.br\/acervo-correio\/index.php?rest_route=\/wp\/v2\/posts\/248803","targetHints":{"allow":["GET"]}}],"collection":[{"href":"https:\/\/www.ocorreionews.com.br\/acervo-correio\/index.php?rest_route=\/wp\/v2\/posts"}],"about":[{"href":"https:\/\/www.ocorreionews.com.br\/acervo-correio\/index.php?rest_route=\/wp\/v2\/types\/post"}],"author":[{"embeddable":true,"href":"https:\/\/www.ocorreionews.com.br\/acervo-correio\/index.php?rest_route=\/wp\/v2\/users\/5"}],"replies":[{"embeddable":true,"href":"https:\/\/www.ocorreionews.com.br\/acervo-correio\/index.php?rest_route=%2Fwp%2Fv2%2Fcomments&post=248803"}],"version-history":[{"count":1,"href":"https:\/\/www.ocorreionews.com.br\/acervo-correio\/index.php?rest_route=\/wp\/v2\/posts\/248803\/revisions"}],"predecessor-version":[{"id":248804,"href":"https:\/\/www.ocorreionews.com.br\/acervo-correio\/index.php?rest_route=\/wp\/v2\/posts\/248803\/revisions\/248804"}],"wp:featuredmedia":[{"embeddable":true,"href":"https:\/\/www.ocorreionews.com.br\/acervo-correio\/index.php?rest_route=\/wp\/v2\/media\/75804"}],"wp:attachment":[{"href":"https:\/\/www.ocorreionews.com.br\/acervo-correio\/index.php?rest_route=%2Fwp%2Fv2%2Fmedia&parent=248803"}],"wp:term":[{"taxonomy":"category","embeddable":true,"href":"https:\/\/www.ocorreionews.com.br\/acervo-correio\/index.php?rest_route=%2Fwp%2Fv2%2Fcategories&post=248803"},{"taxonomy":"post_tag","embeddable":true,"href":"https:\/\/www.ocorreionews.com.br\/acervo-correio\/index.php?rest_route=%2Fwp%2Fv2%2Ftags&post=248803"}],"curies":[{"name":"wp","href":"https:\/\/api.w.org\/{rel}","templated":true}]}}