{"id":248808,"date":"2023-08-17T09:40:38","date_gmt":"2023-08-17T13:40:38","guid":{"rendered":"https:\/\/www.ocorreionews.com.br\/acervo-correio\/?p=248808"},"modified":"2023-08-17T09:40:38","modified_gmt":"2023-08-17T13:40:38","slug":"ex-vereador-e-preso-em-ms-suspeito-de-estuprar-crianca-durante-almoco-com-a-familia","status":"publish","type":"post","link":"https:\/\/www.ocorreionews.com.br\/acervo-correio\/?p=248808","title":{"rendered":"Ex-vereador \u00e9 preso em MS suspeito de estuprar crian\u00e7a durante almo\u00e7o com a fam\u00edlia"},"content":{"rendered":"<div id=\"chunk-6ijqr\">\n<div class=\"mc-column content-text active-extra-styles \" data-block-type=\"unstyled\" data-block-weight=\"46\" data-block-id=\"3\">\n<p class=\"content-text__container \" data-track-category=\"Link no Texto\" data-track-links=\"\">Um homem identificado apenas como &#8220;ex-vereador&#8221; foi preso por estuprar uma menina de 7 anos, em Culturama, distrito de F\u00e1tima do Sul, localizado a cerca de 250 quil\u00f4metros de Campo Grande. O crime ocorreu na ter\u00e7a-feira (15), ap\u00f3s o suspeito almo\u00e7ar com a fam\u00edlia da v\u00edtima.<\/p>\n<p data-track-category=\"Link no Texto\" data-track-links=\"\">\n<\/div>\n<\/div>\n<div class=\"wall protected-content\">\n<div id=\"chunk-7m8bh\">\n<div class=\"mc-column content-text active-extra-styles \" data-block-type=\"unstyled\" data-block-weight=\"39\" data-block-id=\"4\">\n<p class=\"content-text__container \" data-track-category=\"Link no Texto\" data-track-links=\"\">De acordo com a Pol\u00edcia Civil, durante o almo\u00e7o, o homem aproveitou um momento de descuido da fam\u00edlia e passou as m\u00e3os nas partes \u00edntimas da crian\u00e7a. No entanto, <strong>o pai da v\u00edtima o flagrou enquanto cometia o abuso.<\/strong><\/p>\n<p data-track-category=\"Link no Texto\" data-track-links=\"\">\n<\/div>\n<\/div>\n<div id=\"chunk-4th70\">\n<div class=\"mc-column content-text active-extra-styles \" data-block-type=\"unstyled\" data-block-weight=\"27\" data-block-id=\"5\">\n<p class=\"content-text__container \" data-track-category=\"Link no Texto\" data-track-links=\"\">O suspeito fugiu do distrito, mas foi encontrado pela Pol\u00edcia Civil, na manh\u00e3 de quarta-feira (16), a cerca de 21 quil\u00f4metros do local do crime, em Deod\u00e1polis.<\/p>\n<\/div>\n<\/div>\n<div id=\"chunk-1qvd\">\n<div class=\"content-ads content-ads--reveal\" data-block-type=\"ads\" data-block-id=\"6\">\n<div><\/div>\n<\/div>\n<\/div>\n<div id=\"chunk-f18qp\">\n<div class=\"mc-column content-text active-extra-styles \" data-block-type=\"unstyled\" data-block-weight=\"20\" data-block-id=\"7\">\n<p class=\"content-text__container \" data-track-category=\"Link no Texto\" data-track-links=\"\">Investigadores da Delegacia de Atendimento \u00e0 Mulher (Dam) de F\u00e1tima do Sul e de Vicentina, atuaram nas buscas pelo ex-vereador.<\/p>\n<p data-track-category=\"Link no Texto\" data-track-links=\"\">\n<\/div>\n<\/div>\n<div id=\"chunk-f4j9r\">\n<div class=\"mc-column content-text active-extra-styles \" data-block-type=\"unstyled\" data-block-weight=\"15\" data-block-id=\"8\">\n<p class=\"content-text__container \" data-track-category=\"Link no Texto\" data-track-links=\"\">Ele est\u00e1 preso em F\u00e1tima do Sul e vai responder criminalmente por estupro de vulner\u00e1vel.<\/p>\n<p data-track-category=\"Link no Texto\" data-track-links=\"\">\n<p data-track-category=\"Link no Texto\" data-track-links=\"\">Por g1 MS<\/p>\n<\/div>\n<\/div>\n<\/div>\n","protected":false},"excerpt":{"rendered":"<p>Um homem identificado apenas como &#8220;ex-vereador&#8221; foi preso por estuprar uma menina de 7 anos, em Culturama, distrito de F\u00e1tima do Sul, localizado a cerca de 250 quil\u00f4metros de Campo Grande. O crime ocorreu na ter\u00e7a-feira (15), ap\u00f3s o suspeito almo\u00e7ar com a fam\u00edlia da v\u00edtima. De acordo com a Pol\u00edcia Civil, durante o almo\u00e7o, [&hellip;]<\/p>\n","protected":false},"author":5,"featured_media":248809,"comment_status":"closed","ping_status":"closed","sticky":false,"template":"","format":"standard","meta":{"footnotes":""},"categories":[38],"tags":[],"class_list":["post-248808","post","type-post","status-publish","format-standard","has-post-thumbnail","hentry","category-policia"],"_links":{"self":[{"href":"https:\/\/www.ocorreionews.com.br\/acervo-correio\/index.php?rest_route=\/wp\/v2\/posts\/248808","targetHints":{"allow":["GET"]}}],"collection":[{"href":"https:\/\/www.ocorreionews.com.br\/acervo-correio\/index.php?rest_route=\/wp\/v2\/posts"}],"about":[{"href":"https:\/\/www.ocorreionews.com.br\/acervo-correio\/index.php?rest_route=\/wp\/v2\/types\/post"}],"author":[{"embeddable":true,"href":"https:\/\/www.ocorreionews.com.br\/acervo-correio\/index.php?rest_route=\/wp\/v2\/users\/5"}],"replies":[{"embeddable":true,"href":"https:\/\/www.ocorreionews.com.br\/acervo-correio\/index.php?rest_route=%2Fwp%2Fv2%2Fcomments&post=248808"}],"version-history":[{"count":1,"href":"https:\/\/www.ocorreionews.com.br\/acervo-correio\/index.php?rest_route=\/wp\/v2\/posts\/248808\/revisions"}],"predecessor-version":[{"id":248810,"href":"https:\/\/www.ocorreionews.com.br\/acervo-correio\/index.php?rest_route=\/wp\/v2\/posts\/248808\/revisions\/248810"}],"wp:featuredmedia":[{"embeddable":true,"href":"https:\/\/www.ocorreionews.com.br\/acervo-correio\/index.php?rest_route=\/wp\/v2\/media\/248809"}],"wp:attachment":[{"href":"https:\/\/www.ocorreionews.com.br\/acervo-correio\/index.php?rest_route=%2Fwp%2Fv2%2Fmedia&parent=248808"}],"wp:term":[{"taxonomy":"category","embeddable":true,"href":"https:\/\/www.ocorreionews.com.br\/acervo-correio\/index.php?rest_route=%2Fwp%2Fv2%2Fcategories&post=248808"},{"taxonomy":"post_tag","embeddable":true,"href":"https:\/\/www.ocorreionews.com.br\/acervo-correio\/index.php?rest_route=%2Fwp%2Fv2%2Ftags&post=248808"}],"curies":[{"name":"wp","href":"https:\/\/api.w.org\/{rel}","templated":true}]}}