{"id":248811,"date":"2023-08-17T09:47:05","date_gmt":"2023-08-17T13:47:05","guid":{"rendered":"https:\/\/www.ocorreionews.com.br\/acervo-correio\/?p=248811"},"modified":"2023-08-17T09:47:05","modified_gmt":"2023-08-17T13:47:05","slug":"preso-o-suspeito-de-matar-e-esquartejar-jogador-de-futebol-em-ms","status":"publish","type":"post","link":"https:\/\/www.ocorreionews.com.br\/acervo-correio\/?p=248811","title":{"rendered":"Preso o suspeito de matar e esquartejar jogador de futebol em MS"},"content":{"rendered":"<div id=\"chunk-4u9ig\">\n<div class=\"mc-column content-text active-extra-styles \" data-block-type=\"unstyled\" data-block-weight=\"36\" data-block-id=\"3\">\n<p class=\"content-text__container \" data-track-category=\"Link no Texto\" data-track-links=\"\">Danilo Alves Vieira, de 19 anos, suspeito de matar e esquartejar o jogador de futebol Hugo Vinicius Skulny Pedrosa, foi preso, nesta quarta-feira (16), em Iguatemi (MS). As informa\u00e7\u00f5es foram confirmadas ao g1 pela Pol\u00edcia Civil.<\/p>\n<p data-track-category=\"Link no Texto\" data-track-links=\"\">\n<\/div>\n<\/div>\n<div class=\"wall protected-content\">\n<div id=\"chunk-fkr9e\">\n<div class=\"mc-column content-text active-extra-styles \" data-block-type=\"unstyled\" data-block-weight=\"32\" data-block-id=\"5\">\n<p class=\"content-text__container \" data-track-category=\"Link no Texto\" data-track-links=\"\">Apura\u00e7\u00e3o feita pelo g1 aponta que o rapaz estava escondido em Iguatemi h\u00e1 alguns dias. A investiga\u00e7\u00e3o da Pol\u00edcia Civil apurou as informa\u00e7\u00f5es e chegou at\u00e9 ao suspeito para realizar a pris\u00e3o.<\/p>\n<p data-track-category=\"Link no Texto\" data-track-links=\"\">\n<\/div>\n<\/div>\n<div id=\"chunk-fbgh9\">\n<div class=\"mc-column content-text active-extra-styles \" data-block-type=\"unstyled\" data-block-weight=\"37\" data-block-id=\"6\">\n<p class=\"content-text__container \" data-track-category=\"Link no Texto\" data-track-links=\"\">O suspeito estava na cidade que fica a menos de 100 km de Sete Quedas, munic\u00edpio onde o Hugo Pedrosa foi encontrado esquartejado. A ex-namorada do jogador est\u00e1 presa, tamb\u00e9m como suspeita de participa\u00e7\u00e3o no crime.<\/p>\n<div id=\"chunk-ca1ki\">\n<div class=\"mc-column content-text active-extra-styles \" data-block-type=\"unstyled\" data-block-weight=\"42\" data-block-id=\"8\">\n<p class=\"content-text__container \" data-track-category=\"Link no Texto\" data-track-links=\"\">Conforme informado pela Pol\u00edcia Civil, Danilo ficou foragido por quase dois meses. Uma das suspeitas da pol\u00edcia era de que ele teria fugido para o Paraguai. Uma for\u00e7a-tarefa foi mobilizada pelas pol\u00edcias brasileira e paraguaia em busca por suspeito de matar jogador.<\/p>\n<\/div>\n<\/div>\n<div id=\"chunk-8isod\">\n<div class=\"mc-column content-text active-extra-styles\" data-block-type=\"raw\" data-block-weight=\"8\" data-block-id=\"9\">\n<p class=\"content-text__container\">\n<div class=\"content-intertitle\">\n<h2>Jogador esquartejado, ex presa e sumi\u00e7o ap\u00f3s festa<\/h2>\n<p>&nbsp;<\/p>\n<div id=\"chunk-em4gj\">\n<div class=\"mc-column content-text active-extra-styles \" data-block-type=\"unstyled\" data-block-weight=\"36\" data-block-id=\"11\">\n<p class=\"content-text__container \" data-track-category=\"Link no Texto\" data-track-links=\"\">A ex-namorada de Hugo foi presa no dia 4 de julho pela Pol\u00edcia Civil. De acordo com a investiga\u00e7\u00e3o, o atleta foi morto na casa da ex, Rubia Joice de Oliver Luvisetto.<strong>\u00a0<\/strong><\/p>\n<p data-track-category=\"Link no Texto\" data-track-links=\"\">\n<\/div>\n<\/div>\n<div id=\"chunk-4joad\">\n<div class=\"mc-column content-text active-extra-styles \" data-block-type=\"unstyled\" data-block-weight=\"52\" data-block-id=\"12\">\n<p class=\"content-text__container \" data-track-category=\"Link no Texto\" data-track-links=\"\">Segundo a Pol\u00edcia Civil, Hugo ficou desaparecido por sete dias ap\u00f3s ter ido a uma festa em Pindoty Por\u00e3, no Paraguai. &#8220;Ele j\u00e1 havia levado tr\u00eas tiros, utilizaram instrumentos para oculta\u00e7\u00e3o do corpo&#8221;, disse a delegada que investigou o caso. As apura\u00e7\u00f5es ainda apontam que o corpo foi esquartejado em pequenos peda\u00e7os.<\/p>\n<div id=\"chunk-3t4of\">\n<div class=\"content-ads content-ads--reveal\" data-block-type=\"ads\" data-block-id=\"13\">\n<div id=\"banner_materia__9ec4847f-1041-4649-8337-a38c3b9a4eb4\" class=\"tag-manager-publicidade-container mc-has-reveal mc-has-ad-lazyload tag-manager-publicidade-banner_materia__9ec4847f-1041-4649-8337-a38c3b9a4eb4 tag-manager-publicidade-container--carregado tag-manager-publicidade-container--visivel\" data-id=\"banner_materia__9ec4847f-1041-4649-8337-a38c3b9a4eb4\" data-google-query-id=\"CKm7h4Dp44ADFchA3QIdoxANrQ\">\n<div id=\"google_ads_iframe_\/95377733\/tvg_G1\/Sua_Regiao&gt;Centro_Oeste&gt;Mato_Grosso_do_Sul_4__container__\"><\/div>\n<\/div>\n<\/div>\n<\/div>\n<div id=\"chunk-b1bn8\">\n<div class=\"row medium-uncollapsed content-media content-photo\" data-block-type=\"backstage-photo\" data-block-id=\"14\">\n<div class=\" mc-column  content-media__container\">\n<div class=\"content-media-container glb-skeleton-box\">\n<figure class=\"content-media-figure\">\n<p><figure style=\"width: 647px\" class=\"wp-caption aligncenter\"><img loading=\"lazy\" decoding=\"async\" class=\"i-amphtml-fill-content i-amphtml-replaced-content\" src=\"https:\/\/s2-g1.glbimg.com\/uLW-mDvLGyEYvFD2EssUnhuAghs=\/0x0:1170x1038\/984x0\/smart\/filters:strip_icc()\/i.s3.glbimg.com\/v1\/AUTH_59edd422c0c84a879bd37670ae4f538a\/internal_photos\/bs\/2023\/x\/x\/mYowFLRBqWjGhKWQUEng\/whatsapp-image-2023-07-05-at-10.57.37.jpeg\" sizes=\"auto, (max-width: 1366px) 648px, 100vw\" srcset=\"https:\/\/s2-g1.glbimg.com\/Qee4h926a0c0r2bAz6tyR4gtbOg=\/0x0:1170x1038\/1000x0\/smart\/filters:strip_icc()\/i.s3.glbimg.com\/v1\/AUTH_59edd422c0c84a879bd37670ae4f538a\/internal_photos\/bs\/2023\/x\/x\/mYowFLRBqWjGhKWQUEng\/whatsapp-image-2023-07-05-at-10.57.37.jpeg 1000w, https:\/\/s2-g1.glbimg.com\/uLW-mDvLGyEYvFD2EssUnhuAghs=\/0x0:1170x1038\/984x0\/smart\/filters:strip_icc()\/i.s3.glbimg.com\/v1\/AUTH_59edd422c0c84a879bd37670ae4f538a\/internal_photos\/bs\/2023\/x\/x\/mYowFLRBqWjGhKWQUEng\/whatsapp-image-2023-07-05-at-10.57.37.jpeg 984w, https:\/\/s2-g1.glbimg.com\/I5d3GMDhp4vb5LMuVaHKTHDvJK0=\/0x0:1170x1038\/640x0\/smart\/filters:strip_icc()\/i.s3.glbimg.com\/v1\/AUTH_59edd422c0c84a879bd37670ae4f538a\/internal_photos\/bs\/2023\/x\/x\/mYowFLRBqWjGhKWQUEng\/whatsapp-image-2023-07-05-at-10.57.37.jpeg 640w, https:\/\/s2-g1.glbimg.com\/vpbS3jwNPy6ua55HeHibDjRjqvU=\/0x0:1170x1038\/600x0\/smart\/filters:strip_icc()\/i.s3.glbimg.com\/v1\/AUTH_59edd422c0c84a879bd37670ae4f538a\/internal_photos\/bs\/2023\/x\/x\/mYowFLRBqWjGhKWQUEng\/whatsapp-image-2023-07-05-at-10.57.37.jpeg 600w\" alt=\"De acordo com advogado de defesa, Hugo e Rubia se encontraram algumas vezes depois de t\u00e9rmino. \u2014 Foto: Reprodu\u00e7\u00e3o\" width=\"647\" height=\"574\" \/><figcaption class=\"wp-caption-text\">De acordo com advogado de defesa, Hugo e Rubia se encontraram algumas vezes depois de t\u00e9rmino. \u2014 Foto: Reprodu\u00e7\u00e3o<\/figcaption><\/figure><\/figure>\n<\/div>\n<p class=\"content-media__description  \">\n<p>&nbsp;<\/p>\n<\/div>\n<\/div>\n<\/div>\n<div id=\"chunk-67mtg\">\n<div class=\"mc-column content-text active-extra-styles \" data-block-type=\"unstyled\" data-block-weight=\"60\" data-block-id=\"15\">\n<p class=\"content-text__container \" data-track-category=\"Link no Texto\" data-track-links=\"\">O atleta desapareceu na madrugada do dia 25 de junho. O sumi\u00e7o do jovem foi registrado um dia ap\u00f3s, pela m\u00e3e de Hugo, Eliana Skulny. Ap\u00f3s sete dias de muitas buscas e mobiliza\u00e7\u00e3o at\u00e9 da cantora Ana Castela que \u00e9 natural de Sete Quedas, para encontrar o jogador, partes do corpo de Hugo foi encontrado no dia 2 de julho, no rio Iguatemi, em Sete Quedas.<\/p>\n<p data-track-category=\"Link no Texto\" data-track-links=\"\">\n<\/div>\n<\/div>\n<div id=\"chunk-5u7bm\">\n<div class=\"mc-column content-text active-extra-styles \" data-block-type=\"unstyled\" data-block-weight=\"28\" data-block-id=\"16\">\n<p class=\"content-text__container \" data-track-category=\"Link no Texto\" data-track-links=\"\">Os restos mortais foram achados durante uma opera\u00e7\u00e3o de for\u00e7a-tarefa envolvendo as pol\u00edcias Civil, Militar, Corpo de Bombeiros e Delegacia Especializada de Repress\u00e3o aos Crimes de Fronteira (Defron).<\/p>\n<p data-track-category=\"Link no Texto\" data-track-links=\"\">\n<\/div>\n<\/div>\n<div id=\"chunk-f356g\">\n<div class=\"mc-column content-text active-extra-styles \" data-block-type=\"unstyled\" data-block-weight=\"46\" data-block-id=\"17\">\n<p class=\"content-text__container \" data-track-category=\"Link no Texto\" data-track-links=\"\">O reconhecimento foi feito a partir de uma tatuagem que o Hugo tinha no bra\u00e7o, com o nome do pai, falecido h\u00e1 cerca de dois anos. As partes do corpo foram levadas para o Instituto de Medicina e Odontologia Legal (IMOL) e ainda n\u00e3o foram liberadas.<\/p>\n<p data-track-category=\"Link no Texto\" data-track-links=\"\">\n<p class=\"content-publication-data__from\" title=\"Jos\u00e9 C\u00e2mara e Adriano Fernandes, g1 MS\">Por Jos\u00e9 C\u00e2mara e Adriano Fernandes, g1 MS<\/p>\n<\/div>\n<\/div>\n<p data-track-category=\"Link no Texto\" data-track-links=\"\">\n<\/div>\n<\/div>\n<\/div>\n<\/div>\n<\/div>\n<\/div>\n<\/div>\n<\/div>\n","protected":false},"excerpt":{"rendered":"<p>Danilo Alves Vieira, de 19 anos, suspeito de matar e esquartejar o jogador de futebol Hugo Vinicius Skulny Pedrosa, foi preso, nesta quarta-feira (16), em Iguatemi (MS). As informa\u00e7\u00f5es foram confirmadas ao g1 pela Pol\u00edcia Civil. Apura\u00e7\u00e3o feita pelo g1 aponta que o rapaz estava escondido em Iguatemi h\u00e1 alguns dias. A investiga\u00e7\u00e3o da Pol\u00edcia [&hellip;]<\/p>\n","protected":false},"author":5,"featured_media":248815,"comment_status":"closed","ping_status":"closed","sticky":false,"template":"","format":"standard","meta":{"footnotes":""},"categories":[38],"tags":[],"class_list":["post-248811","post","type-post","status-publish","format-standard","has-post-thumbnail","hentry","category-policia"],"_links":{"self":[{"href":"https:\/\/www.ocorreionews.com.br\/acervo-correio\/index.php?rest_route=\/wp\/v2\/posts\/248811","targetHints":{"allow":["GET"]}}],"collection":[{"href":"https:\/\/www.ocorreionews.com.br\/acervo-correio\/index.php?rest_route=\/wp\/v2\/posts"}],"about":[{"href":"https:\/\/www.ocorreionews.com.br\/acervo-correio\/index.php?rest_route=\/wp\/v2\/types\/post"}],"author":[{"embeddable":true,"href":"https:\/\/www.ocorreionews.com.br\/acervo-correio\/index.php?rest_route=\/wp\/v2\/users\/5"}],"replies":[{"embeddable":true,"href":"https:\/\/www.ocorreionews.com.br\/acervo-correio\/index.php?rest_route=%2Fwp%2Fv2%2Fcomments&post=248811"}],"version-history":[{"count":1,"href":"https:\/\/www.ocorreionews.com.br\/acervo-correio\/index.php?rest_route=\/wp\/v2\/posts\/248811\/revisions"}],"predecessor-version":[{"id":248817,"href":"https:\/\/www.ocorreionews.com.br\/acervo-correio\/index.php?rest_route=\/wp\/v2\/posts\/248811\/revisions\/248817"}],"wp:featuredmedia":[{"embeddable":true,"href":"https:\/\/www.ocorreionews.com.br\/acervo-correio\/index.php?rest_route=\/wp\/v2\/media\/248815"}],"wp:attachment":[{"href":"https:\/\/www.ocorreionews.com.br\/acervo-correio\/index.php?rest_route=%2Fwp%2Fv2%2Fmedia&parent=248811"}],"wp:term":[{"taxonomy":"category","embeddable":true,"href":"https:\/\/www.ocorreionews.com.br\/acervo-correio\/index.php?rest_route=%2Fwp%2Fv2%2Fcategories&post=248811"},{"taxonomy":"post_tag","embeddable":true,"href":"https:\/\/www.ocorreionews.com.br\/acervo-correio\/index.php?rest_route=%2Fwp%2Fv2%2Ftags&post=248811"}],"curies":[{"name":"wp","href":"https:\/\/api.w.org\/{rel}","templated":true}]}}