{"id":248825,"date":"2023-08-17T10:20:34","date_gmt":"2023-08-17T14:20:34","guid":{"rendered":"https:\/\/www.ocorreionews.com.br\/acervo-correio\/?p=248825"},"modified":"2023-08-17T10:20:34","modified_gmt":"2023-08-17T14:20:34","slug":"cidadao-participe-da-elaboracao-da-lei-orcamentaria-anual-para-2024","status":"publish","type":"post","link":"https:\/\/www.ocorreionews.com.br\/acervo-correio\/?p=248825","title":{"rendered":"Cidad\u00e3o, participe da elabora\u00e7\u00e3o da lei or\u00e7ament\u00e1ria anual para 2024"},"content":{"rendered":"<p>Considerando o Art. 48 da Lei de Responsabilidade Fiscal n\u00ba 101\/2000, onde ser\u00e1 assegurada o direito a participa\u00e7\u00e3o popular no processo de elabora\u00e7\u00e3o e discuss\u00e3o dos planos or\u00e7ament\u00e1rios\/planejamento, o Munic\u00edpio de Para\u00edso das \u00c1guas solicita \u00e0 popula\u00e7\u00e3o as suas Sugest\u00f5es\/Reivindica\u00e7\u00f5es a serem atendidas pelo Poder P\u00fablico Municipal durante o exerc\u00edcio de 2024.<\/p>\n<p>Com base nessas propostas ser\u00e3o elaboradas em conjunto com o PPA (2022 a 2025) a LOA (2024), onde ser\u00e3o alocadas as despesas com suas respectivas fontes de recursos financiadoras para que os programas contidos no PPA possam ser realizados, guardando conson\u00e2ncia com as prioridades estabelecidas na LDO-Lei de Diretrizes Or\u00e7ament\u00e1rias para 2024.<\/p>\n<p>Considerando que no processo de elabora\u00e7\u00e3o\/aprova\u00e7\u00e3o deve ocorrer a participa\u00e7\u00e3o popular, solicitamos aos mun\u00edcipes que preencham o question\u00e1rio (link abaixo) at\u00e9 dia 29\/09\/2023.<\/p>\n<p>O Projeto de Lei estar\u00e1 dispon\u00edvel no portal da transpar\u00eancia do munic\u00edpio assim que o processo for conclu\u00eddo.<\/p>\n<p>Clique\u00a0<a href=\"https:\/\/docs.google.com\/forms\/d\/e\/1FAIpQLSczJCo0v7WV0g5mnkafzbfFNlWdpI7RVzo9cxEfy-EvupBWlA\/viewform\">AQUI<\/a>\u00a0para participar.<\/p>\n","protected":false},"excerpt":{"rendered":"<p>Considerando o Art. 48 da Lei de Responsabilidade Fiscal n\u00ba 101\/2000, onde ser\u00e1 assegurada o direito a participa\u00e7\u00e3o popular no processo de elabora\u00e7\u00e3o e discuss\u00e3o dos planos or\u00e7ament\u00e1rios\/planejamento, o Munic\u00edpio de Para\u00edso das \u00c1guas solicita \u00e0 popula\u00e7\u00e3o as suas Sugest\u00f5es\/Reivindica\u00e7\u00f5es a serem atendidas pelo Poder P\u00fablico Municipal durante o exerc\u00edcio de 2024. Com base nessas [&hellip;]<\/p>\n","protected":false},"author":4,"featured_media":248826,"comment_status":"closed","ping_status":"closed","sticky":false,"template":"","format":"standard","meta":{"footnotes":""},"categories":[36],"tags":[],"class_list":["post-248825","post","type-post","status-publish","format-standard","has-post-thumbnail","hentry","category-paraiso-das-aguas"],"_links":{"self":[{"href":"https:\/\/www.ocorreionews.com.br\/acervo-correio\/index.php?rest_route=\/wp\/v2\/posts\/248825","targetHints":{"allow":["GET"]}}],"collection":[{"href":"https:\/\/www.ocorreionews.com.br\/acervo-correio\/index.php?rest_route=\/wp\/v2\/posts"}],"about":[{"href":"https:\/\/www.ocorreionews.com.br\/acervo-correio\/index.php?rest_route=\/wp\/v2\/types\/post"}],"author":[{"embeddable":true,"href":"https:\/\/www.ocorreionews.com.br\/acervo-correio\/index.php?rest_route=\/wp\/v2\/users\/4"}],"replies":[{"embeddable":true,"href":"https:\/\/www.ocorreionews.com.br\/acervo-correio\/index.php?rest_route=%2Fwp%2Fv2%2Fcomments&post=248825"}],"version-history":[{"count":1,"href":"https:\/\/www.ocorreionews.com.br\/acervo-correio\/index.php?rest_route=\/wp\/v2\/posts\/248825\/revisions"}],"predecessor-version":[{"id":248827,"href":"https:\/\/www.ocorreionews.com.br\/acervo-correio\/index.php?rest_route=\/wp\/v2\/posts\/248825\/revisions\/248827"}],"wp:featuredmedia":[{"embeddable":true,"href":"https:\/\/www.ocorreionews.com.br\/acervo-correio\/index.php?rest_route=\/wp\/v2\/media\/248826"}],"wp:attachment":[{"href":"https:\/\/www.ocorreionews.com.br\/acervo-correio\/index.php?rest_route=%2Fwp%2Fv2%2Fmedia&parent=248825"}],"wp:term":[{"taxonomy":"category","embeddable":true,"href":"https:\/\/www.ocorreionews.com.br\/acervo-correio\/index.php?rest_route=%2Fwp%2Fv2%2Fcategories&post=248825"},{"taxonomy":"post_tag","embeddable":true,"href":"https:\/\/www.ocorreionews.com.br\/acervo-correio\/index.php?rest_route=%2Fwp%2Fv2%2Ftags&post=248825"}],"curies":[{"name":"wp","href":"https:\/\/api.w.org\/{rel}","templated":true}]}}