{"id":248828,"date":"2023-08-17T10:31:03","date_gmt":"2023-08-17T14:31:03","guid":{"rendered":"https:\/\/www.ocorreionews.com.br\/acervo-correio\/?p=248828"},"modified":"2023-08-17T10:31:03","modified_gmt":"2023-08-17T14:31:03","slug":"neymar-pretende-voltar-ao-barcelona-apos-2-anos-na-arabia-saudita","status":"publish","type":"post","link":"https:\/\/www.ocorreionews.com.br\/acervo-correio\/?p=248828","title":{"rendered":"Neymar pretende voltar ao Barcelona ap\u00f3s 2 anos na Ar\u00e1bia Saudita"},"content":{"rendered":"<p><span style=\"font-weight: 400;\">Neymar havia sido fortemente associado a um retorno ao <\/span><a href=\"https:\/\/www.fcbarcelona.com\/en\/\"><span style=\"font-weight: 400;\">Barcelona <\/span><\/a><span style=\"font-weight: 400;\">nesta janela de transfer\u00eancias, mas isso n\u00e3o se concretizou devido a v\u00e1rios fatores &#8211; as especula\u00e7\u00f5es conseguiram agitar fortemente o mundo <\/span><a href=\"https:\/\/www.pinnacle.com\/pt\/\"><span style=\"font-weight: 400;\">bet<\/span><\/a><span style=\"font-weight: 400;\"> (apostas), setor que \u00e9 guiado por eventos como o <\/span><a href=\"https:\/\/betexpo.com\/\"><span style=\"font-weight: 400;\">BetExpo<\/span><\/a><span style=\"font-weight: 400;\">.<\/span><\/p>\n<p><span style=\"font-weight: 400;\">O brasileiro est\u00e1 totalmente preparado para se juntar ao Al Hilal, da Ar\u00e1bia Saudita, em uma transfer\u00eancia permanente, ap\u00f3s ter passado por exames m\u00e9dicos mais cedo hoje.<\/span><\/p>\n<p><span style=\"font-weight: 400;\">A transfer\u00eancia \u00e9 entendida como valendo \u20ac80 milh\u00f5es para o PSG (excluindo b\u00f4nus), enquanto a superestrela de 31 anos recebeu um contrato generoso pela equipe do Oriente M\u00e9dio.<\/span><\/p>\n<h3><b>Neymar ainda anseia pelo retorno ao Barcelona<\/b><\/h3>\n<p><span style=\"font-weight: 400;\">Embora ele possa estar se juntando ao Al Hilal agora, Neymar ainda n\u00e3o desistiu da esperan\u00e7a de um futuro retorno ao Barcelona.<\/span><\/p>\n<p><span style=\"font-weight: 400;\">De fato, de acordo com o L&#8217;Equipe, a estrela do ataque espera garantir uma mudan\u00e7a de volta \u00e0 Catalunha daqui a dois anos, ap\u00f3s o t\u00e9rmino de seu contrato com o Al Hilal.<\/span><\/p>\n<p><span style=\"font-weight: 400;\">Neymar assinar\u00e1 um contrato de dois anos at\u00e9 2025 com os gigantes sauditas, sem op\u00e7\u00e3o para uma extens\u00e3o adicional.<\/span><\/p>\n<p><span style=\"font-weight: 400;\">Anteriormente, havia sido relatado que o brasileiro estava tentando convencer seus novos empregadores a permitir que ele se juntasse ao Bar\u00e7a por empr\u00e9stimo durante um ano, mas eles n\u00e3o foram convencidos.<\/span><\/p>\n<p><img loading=\"lazy\" decoding=\"async\" class=\"alignnone size-full wp-image-248830\" src=\"https:\/\/www.ocorreionews.com.br\/acervo-correio\/wp-content\/uploads\/2023\/08\/neymar2.png\" alt=\"\" width=\"580\" height=\"383\" srcset=\"https:\/\/www.ocorreionews.com.br\/acervo-correio\/wp-content\/uploads\/2023\/08\/neymar2.png 580w, https:\/\/www.ocorreionews.com.br\/acervo-correio\/wp-content\/uploads\/2023\/08\/neymar2-300x198.png 300w\" sizes=\"auto, (max-width: 580px) 100vw, 580px\" \/><\/p>\n<p><span style=\"font-weight: 400;\">\u00a0 \u00a0 \u00a0 \u00a0 \u00a0 \u00a0 \u00a0 \u00a0 \u00a0 \u00a0 \u00a0 \u00a0 \u00a0 \u00a0 \u00a0 \u00a0 \u00a0 \u00a0 \u00a0 \u00a0 \u00a0 \u00a0 \u00a0 \u00a0 \u00a0 \u00a0 <\/span> <span style=\"font-weight: 400;\"> \u00a0 \u00a0 \u00a0 \u00a0 \u00a0 \u00a0 Corbis via Getty Images<\/span><\/p>\n<p><span style=\"font-weight: 400;\">Assim sendo, o \u00edcone brasileiro agora deseja se mudar para o Barcelona assim que seu contrato na Ar\u00e1bia Saudita expirar.<\/span><\/p>\n<p><span style=\"font-weight: 400;\">Curiosamente, no entanto, h\u00e1 algum tempo, relatos afirmaram que Neymar havia dito em algumas conversas que n\u00e3o voltaria ao Bar\u00e7a enquanto Xavi Hernandez estivesse no comando da equipe.<\/span><\/p>\n<p><span style=\"font-weight: 400;\">O t\u00e9cnico de 43 anos foi contra o retorno do brasileiro nesta janela, embora a maioria dos dirigentes do clube, incluindo o presidente Joan Laporta e os diretores esportivos Deco e Mateu Alemany, estivessem a favor da ideia.<\/span><\/p>\n<p><span style=\"font-weight: 400;\">Isso parece ter gerado algum sentimento de ressentimento em rela\u00e7\u00e3o ao treinador, com Neymar supostamente se recusando a voltar ao clube enquanto o antigo estiver no comando.<\/span><\/p>\n<p><span style=\"font-weight: 400;\">Apenas o tempo dir\u00e1 se Neymar ter\u00e1 a chance de voltar ao Barcelona daqui a dois anos.<\/span><\/p>\n","protected":false},"excerpt":{"rendered":"<p>Neymar havia sido fortemente associado a um retorno ao Barcelona nesta janela de transfer\u00eancias, mas isso n\u00e3o se concretizou devido a v\u00e1rios fatores &#8211; as especula\u00e7\u00f5es conseguiram agitar fortemente o mundo bet (apostas), setor que \u00e9 guiado por eventos como o BetExpo. O brasileiro est\u00e1 totalmente preparado para se juntar ao Al Hilal, da Ar\u00e1bia [&hellip;]<\/p>\n","protected":false},"author":4,"featured_media":248829,"comment_status":"closed","ping_status":"closed","sticky":false,"template":"","format":"standard","meta":{"footnotes":""},"categories":[29],"tags":[],"class_list":["post-248828","post","type-post","status-publish","format-standard","has-post-thumbnail","hentry","category-esporte"],"_links":{"self":[{"href":"https:\/\/www.ocorreionews.com.br\/acervo-correio\/index.php?rest_route=\/wp\/v2\/posts\/248828","targetHints":{"allow":["GET"]}}],"collection":[{"href":"https:\/\/www.ocorreionews.com.br\/acervo-correio\/index.php?rest_route=\/wp\/v2\/posts"}],"about":[{"href":"https:\/\/www.ocorreionews.com.br\/acervo-correio\/index.php?rest_route=\/wp\/v2\/types\/post"}],"author":[{"embeddable":true,"href":"https:\/\/www.ocorreionews.com.br\/acervo-correio\/index.php?rest_route=\/wp\/v2\/users\/4"}],"replies":[{"embeddable":true,"href":"https:\/\/www.ocorreionews.com.br\/acervo-correio\/index.php?rest_route=%2Fwp%2Fv2%2Fcomments&post=248828"}],"version-history":[{"count":1,"href":"https:\/\/www.ocorreionews.com.br\/acervo-correio\/index.php?rest_route=\/wp\/v2\/posts\/248828\/revisions"}],"predecessor-version":[{"id":248831,"href":"https:\/\/www.ocorreionews.com.br\/acervo-correio\/index.php?rest_route=\/wp\/v2\/posts\/248828\/revisions\/248831"}],"wp:featuredmedia":[{"embeddable":true,"href":"https:\/\/www.ocorreionews.com.br\/acervo-correio\/index.php?rest_route=\/wp\/v2\/media\/248829"}],"wp:attachment":[{"href":"https:\/\/www.ocorreionews.com.br\/acervo-correio\/index.php?rest_route=%2Fwp%2Fv2%2Fmedia&parent=248828"}],"wp:term":[{"taxonomy":"category","embeddable":true,"href":"https:\/\/www.ocorreionews.com.br\/acervo-correio\/index.php?rest_route=%2Fwp%2Fv2%2Fcategories&post=248828"},{"taxonomy":"post_tag","embeddable":true,"href":"https:\/\/www.ocorreionews.com.br\/acervo-correio\/index.php?rest_route=%2Fwp%2Fv2%2Ftags&post=248828"}],"curies":[{"name":"wp","href":"https:\/\/api.w.org\/{rel}","templated":true}]}}