{"id":248836,"date":"2023-08-17T13:45:25","date_gmt":"2023-08-17T17:45:25","guid":{"rendered":"https:\/\/www.ocorreionews.com.br\/acervo-correio\/?p=248836"},"modified":"2023-08-17T13:45:25","modified_gmt":"2023-08-17T17:45:25","slug":"mesmo-com-medida-protetiva-mulher-e-ameacada-e-tem-residencia-danificada-pelo-ex-em-paraiso-das-aguas","status":"publish","type":"post","link":"https:\/\/www.ocorreionews.com.br\/acervo-correio\/?p=248836","title":{"rendered":"Mesmo com medida protetiva mulher \u00e9 amea\u00e7ada e tem resid\u00eancia danificada pelo ex em Para\u00edso das \u00c1guas"},"content":{"rendered":"<p><span data-contrast=\"none\">Na noite desta quarta-feira (16), um homem de 45 anos foi preso, por descumprir uma medida protetiva, amea\u00e7ar sua ex, e quebrar o vidro da resid\u00eancia dela em Para\u00edso das \u00c1guas.<\/span><span data-ccp-props=\"{&quot;201341983&quot;:0,&quot;335559739&quot;:160,&quot;335559740&quot;:259}\">\u00a0<\/span><\/p>\n<p><span data-contrast=\"none\">De acordo com informa\u00e7\u00f5es do Boletim de Ocorr\u00eancia, por volta das 21h30min a Pol\u00edcia Militar de Para\u00edso das \u00c1guas foi acionada para comparecer em uma resid\u00eancia na Rua Jo\u00e3o Costa Machado, Distrito de Bela Alvorada, onde relato da v\u00edtima de 38 anos, o seu ex convivente estaria lhe amea\u00e7ando e teria quebrado o vidro de sua resid\u00eancia.\u00a0<\/span><span data-ccp-props=\"{&quot;201341983&quot;:0,&quot;335559739&quot;:160,&quot;335559740&quot;:259}\">\u00a0<\/span><\/p>\n<p><span data-contrast=\"none\">Ao ver que a v\u00edtima tinha acionada a PM, o autor evadiu se do local antes da chegada dos militares. A mulher relatou aos policiais que o autor n\u00e3o aceita a separa\u00e7\u00e3o e que possui medida protetiva contra o mesmo.<\/span><span data-ccp-props=\"{&quot;134233117&quot;:false,&quot;134233118&quot;:false,&quot;201341983&quot;:0,&quot;335551550&quot;:1,&quot;335551620&quot;:1,&quot;335559685&quot;:0,&quot;335559737&quot;:0,&quot;335559738&quot;:0,&quot;335559739&quot;:160,&quot;335559740&quot;:259}\">\u00a0<\/span><\/p>\n","protected":false},"excerpt":{"rendered":"<p>Na noite desta quarta-feira (16), um homem de 45 anos foi preso, por descumprir uma medida protetiva, amea\u00e7ar sua ex, e quebrar o vidro da resid\u00eancia dela em Para\u00edso das \u00c1guas.\u00a0 De acordo com informa\u00e7\u00f5es do Boletim de Ocorr\u00eancia, por volta das 21h30min a Pol\u00edcia Militar de Para\u00edso das \u00c1guas foi acionada para comparecer em [&hellip;]<\/p>\n","protected":false},"author":5,"featured_media":243086,"comment_status":"closed","ping_status":"closed","sticky":false,"template":"","format":"standard","meta":{"footnotes":""},"categories":[36,38],"tags":[],"class_list":["post-248836","post","type-post","status-publish","format-standard","has-post-thumbnail","hentry","category-paraiso-das-aguas","category-policia"],"_links":{"self":[{"href":"https:\/\/www.ocorreionews.com.br\/acervo-correio\/index.php?rest_route=\/wp\/v2\/posts\/248836","targetHints":{"allow":["GET"]}}],"collection":[{"href":"https:\/\/www.ocorreionews.com.br\/acervo-correio\/index.php?rest_route=\/wp\/v2\/posts"}],"about":[{"href":"https:\/\/www.ocorreionews.com.br\/acervo-correio\/index.php?rest_route=\/wp\/v2\/types\/post"}],"author":[{"embeddable":true,"href":"https:\/\/www.ocorreionews.com.br\/acervo-correio\/index.php?rest_route=\/wp\/v2\/users\/5"}],"replies":[{"embeddable":true,"href":"https:\/\/www.ocorreionews.com.br\/acervo-correio\/index.php?rest_route=%2Fwp%2Fv2%2Fcomments&post=248836"}],"version-history":[{"count":1,"href":"https:\/\/www.ocorreionews.com.br\/acervo-correio\/index.php?rest_route=\/wp\/v2\/posts\/248836\/revisions"}],"predecessor-version":[{"id":248837,"href":"https:\/\/www.ocorreionews.com.br\/acervo-correio\/index.php?rest_route=\/wp\/v2\/posts\/248836\/revisions\/248837"}],"wp:featuredmedia":[{"embeddable":true,"href":"https:\/\/www.ocorreionews.com.br\/acervo-correio\/index.php?rest_route=\/wp\/v2\/media\/243086"}],"wp:attachment":[{"href":"https:\/\/www.ocorreionews.com.br\/acervo-correio\/index.php?rest_route=%2Fwp%2Fv2%2Fmedia&parent=248836"}],"wp:term":[{"taxonomy":"category","embeddable":true,"href":"https:\/\/www.ocorreionews.com.br\/acervo-correio\/index.php?rest_route=%2Fwp%2Fv2%2Fcategories&post=248836"},{"taxonomy":"post_tag","embeddable":true,"href":"https:\/\/www.ocorreionews.com.br\/acervo-correio\/index.php?rest_route=%2Fwp%2Fv2%2Ftags&post=248836"}],"curies":[{"name":"wp","href":"https:\/\/api.w.org\/{rel}","templated":true}]}}