{"id":248846,"date":"2023-08-17T16:49:26","date_gmt":"2023-08-17T20:49:26","guid":{"rendered":"https:\/\/www.ocorreionews.com.br\/acervo-correio\/?p=248846"},"modified":"2023-08-17T17:01:47","modified_gmt":"2023-08-17T21:01:47","slug":"programa-habitacional-bonus-moradia-parceria-para-impulsionar-o-acesso-a-habitacao-em-chapadao-do-sul","status":"publish","type":"post","link":"https:\/\/www.ocorreionews.com.br\/acervo-correio\/?p=248846","title":{"rendered":"Programa B\u00f4nus Moradia: Parceria para impulsionar o acesso \u00e0 habita\u00e7\u00e3o em Chapad\u00e3o do Sul"},"content":{"rendered":"<p>No \u00faltimo dia 16 de agosto, a Secretaria de Assist\u00eancia Social de Chapad\u00e3o do Sul promoveu uma palestra informativa para servidores municipais e membros do Conselho Municipal de Habita\u00e7\u00e3o. O evento teve como foco principal esclarecer e orientar a respeito do Programa B\u00f4nus Moradia, uma iniciativa conjunta do Governo do Estado do Mato Grosso do Sul, Governo Federal e a pr\u00f3pria prefeitura municipal.<\/p>\n<p>O programa B\u00f4nus Moradia surge como um passo importante para auxiliar os cidad\u00e3os de Chapad\u00e3o do Sul a conquistarem a t\u00e3o almejada moradia pr\u00f3pria. Com uma abordagem inovadora e uma parceria s\u00f3lida entre os entes governamentais, o programa busca viabilizar o acesso \u00e0 habita\u00e7\u00e3o de forma mais efetiva e abrangente.<\/p>\n<p>Durante a palestra, foram apresentados detalhes sobre a atualiza\u00e7\u00e3o do Programa Minha Casa, Minha Vida, uma das principais refer\u00eancias no \u00e2mbito habitacional no Brasil. Al\u00e9m disso, os participantes puderam conhecer mais sobre as modalidades que comp\u00f5em o Programa B\u00f4nus Moradia, especificamente:<\/p>\n<p>1. B\u00f4nus Moradia Apoio \u00e0 Produ\u00e7\u00e3o de Habita\u00e7\u00e3o: Essa modalidade tem como objetivo direcionar recursos financeiros para empreendimentos de produ\u00e7\u00e3o habitacional. Isso ocorre por meio de financiamentos destinados a pessoas jur\u00eddicas que atuam no ramo da constru\u00e7\u00e3o civil. A parceria com o Fundo de Garantia por Tempo de Servi\u00e7o (FGTS) fortalece ainda mais essa iniciativa, impulsionando a constru\u00e7\u00e3o e o desenvolvimento habitacional na regi\u00e3o.<\/p>\n<p>2. Carta de Cr\u00e9dito Individual: Essa \u00e9 uma alternativa voltada para pessoas f\u00edsicas que desejam adquirir a sua pr\u00f3pria habita\u00e7\u00e3o. O programa concede financiamentos diretos, permitindo que os indiv\u00edduos possam realizar o sonho da casa pr\u00f3pria de forma mais acess\u00edvel e planejada.<\/p>\n<p>A palestra destacou a import\u00e2ncia dessas modalidades e trouxe \u00e0 luz a Portaria N. 187\/2023 lan\u00e7ada pela Ag\u00eancia de Habita\u00e7\u00e3o Popular \u2013 AGEHAB MS, que regulamenta e orienta a implementa\u00e7\u00e3o dessas a\u00e7\u00f5es.<\/p>\n<p>A Secret\u00e1ria de Assist\u00eancia Social, Maria das Dores Zocal Krug, expressou seu agradecimento pelo engajamento e interesse dos participantes. Ela ressaltou que a colabora\u00e7\u00e3o de todos \u00e9 fundamental para o sucesso desse programa, que tem potencial para transformar positivamente a realidade habitacional de Chapad\u00e3o do Sul.<\/p>\n<p>Essa palestra representa mais um passo em dire\u00e7\u00e3o ao aprimoramento do acesso \u00e0 moradia digna e de qualidade em Chapad\u00e3o do Sul. A parceria entre os governos estadual, federal e municipal, aliada ao esfor\u00e7o conjunto da sociedade, demonstra um comprometimento genu\u00edno em garantir um futuro mais seguro e confort\u00e1vel para todos os cidad\u00e3os da regi\u00e3o. Com o Programa B\u00f4nus Moradia, a cidade segue firme em sua trajet\u00f3ria de progresso e bem-estar social.<\/p>\n<p><img decoding=\"async\" src=\"http:\/\/www.chapadaodosul.ms.gov.br\/admin\/arquivos\/imagem\/IMG_20230815_WA0002_2_.jpg\" \/><\/p>\n<p>&nbsp;<\/p>\n<p>&nbsp;<\/p>\n<p>*Assessoria<\/p>\n","protected":false},"excerpt":{"rendered":"<p>No \u00faltimo dia 16 de agosto, a Secretaria de Assist\u00eancia Social de Chapad\u00e3o do Sul promoveu uma palestra informativa para servidores municipais e membros do Conselho Municipal de Habita\u00e7\u00e3o. O evento teve como foco principal esclarecer e orientar a respeito do Programa B\u00f4nus Moradia, uma iniciativa conjunta do Governo do Estado do Mato Grosso do [&hellip;]<\/p>\n","protected":false},"author":5,"featured_media":248851,"comment_status":"closed","ping_status":"closed","sticky":false,"template":"","format":"standard","meta":{"footnotes":""},"categories":[23,41],"tags":[],"class_list":["post-248846","post","type-post","status-publish","format-standard","has-post-thumbnail","hentry","category-chapadao-do-sul","category-destaque"],"_links":{"self":[{"href":"https:\/\/www.ocorreionews.com.br\/acervo-correio\/index.php?rest_route=\/wp\/v2\/posts\/248846","targetHints":{"allow":["GET"]}}],"collection":[{"href":"https:\/\/www.ocorreionews.com.br\/acervo-correio\/index.php?rest_route=\/wp\/v2\/posts"}],"about":[{"href":"https:\/\/www.ocorreionews.com.br\/acervo-correio\/index.php?rest_route=\/wp\/v2\/types\/post"}],"author":[{"embeddable":true,"href":"https:\/\/www.ocorreionews.com.br\/acervo-correio\/index.php?rest_route=\/wp\/v2\/users\/5"}],"replies":[{"embeddable":true,"href":"https:\/\/www.ocorreionews.com.br\/acervo-correio\/index.php?rest_route=%2Fwp%2Fv2%2Fcomments&post=248846"}],"version-history":[{"count":3,"href":"https:\/\/www.ocorreionews.com.br\/acervo-correio\/index.php?rest_route=\/wp\/v2\/posts\/248846\/revisions"}],"predecessor-version":[{"id":248855,"href":"https:\/\/www.ocorreionews.com.br\/acervo-correio\/index.php?rest_route=\/wp\/v2\/posts\/248846\/revisions\/248855"}],"wp:featuredmedia":[{"embeddable":true,"href":"https:\/\/www.ocorreionews.com.br\/acervo-correio\/index.php?rest_route=\/wp\/v2\/media\/248851"}],"wp:attachment":[{"href":"https:\/\/www.ocorreionews.com.br\/acervo-correio\/index.php?rest_route=%2Fwp%2Fv2%2Fmedia&parent=248846"}],"wp:term":[{"taxonomy":"category","embeddable":true,"href":"https:\/\/www.ocorreionews.com.br\/acervo-correio\/index.php?rest_route=%2Fwp%2Fv2%2Fcategories&post=248846"},{"taxonomy":"post_tag","embeddable":true,"href":"https:\/\/www.ocorreionews.com.br\/acervo-correio\/index.php?rest_route=%2Fwp%2Fv2%2Ftags&post=248846"}],"curies":[{"name":"wp","href":"https:\/\/api.w.org\/{rel}","templated":true}]}}