{"id":248859,"date":"2023-08-18T06:50:58","date_gmt":"2023-08-18T10:50:58","guid":{"rendered":"https:\/\/www.ocorreionews.com.br\/acervo-correio\/?p=248859"},"modified":"2023-08-17T18:04:16","modified_gmt":"2023-08-17T22:04:16","slug":"mara-caseiro-solicita-diversas-melhorias-para-escola-em-chapadao-do-sul","status":"publish","type":"post","link":"https:\/\/www.ocorreionews.com.br\/acervo-correio\/?p=248859","title":{"rendered":"Mara Caseiro solicita diversas melhorias para escola em Chapad\u00e3o do Sul"},"content":{"rendered":"<p class=\"x_MsoNormal\">Diversas melhorias foram solicitadas pela deputada estadual Mara Caseiro (PSDB), para a Escola Estadual Jorge Amado, em Chapad\u00e3o do Sul. Ao governo estadual, ela pediu a substitui\u00e7\u00e3o de lousas, a instala\u00e7\u00e3o de c\u00e2meras de monitoramento em todas as salas de aula e a reforma da quadra de esportes. Os pedidos atendem indica\u00e7\u00e3o do vereador Vanderson Cardoso.<\/p>\n<p class=\"x_MsoNormal\">Segundo ele, a Escola Estadual Jorge Amado oferece educa\u00e7\u00e3o em tempo integral para mais de mil alunos. \u201cA estrutura da escola necessita de aten\u00e7\u00e3o, sobretudo, no que diz respeito \u00e0 sua quadra esportiva, local que \u00e9 bastante utilizado para pr\u00e1tica de atividades f\u00edsicas pelos alunos\u201d, afirmou.<\/p>\n<p class=\"x_MsoNormal\">J\u00e1 o pedido de instala\u00e7\u00e3o de c\u00e2meras de monitoramento e de substitui\u00e7\u00e3o de lousa comum, por lousa de vidro, refere-se \u00e0 necessidade de modernizar o ambiente escolar. \u201cA seuran\u00e7a e o aprimoramento do ambiente escolar s\u00e3o necessidades que precisam ser garantidas aos alunos\u201d, disse a deputada.<\/p>\n<p class=\"x_MsoNormal\">Os pedidos foram encaminhados ao governador Eduardo Riedel e ao secret\u00e1rio estadual de Educa\u00e7\u00e3o, H\u00e9lio Daher. \u201cO investimento para suprir estas necessidades s\u00e3o pequenos\u00a0 diante dos benef\u00edcios para os alunos\u201d, finalizou ela.<\/p>\n<div><\/div>\n<p><span class=\"x_gmail_signature_prefix\">&#8212;<\/span><\/p>\n<div class=\"x_gmail_signature\" dir=\"ltr\" data-smartmail=\"gmail_signature\">\n<div dir=\"ltr\">\n<div dir=\"ltr\">\n<div dir=\"ltr\">\n<div dir=\"ltr\">\n<div dir=\"ltr\">\n<div dir=\"ltr\">\n<div dir=\"ltr\"><span style=\"color: #073763; font-family: arial, helvetica, sans-serif;\"><b><span style=\"font-size: large;\">Tavane Ferraresi<\/span><\/b><br aria-hidden=\"true\" \/><\/span><\/p>\n<div><span style=\"color: #073763; font-family: arial, helvetica, sans-serif;\">Assessoria de Comunica\u00e7\u00e3o<\/span><\/div>\n<\/div>\n<\/div>\n<\/div>\n<\/div>\n<\/div>\n<\/div>\n<\/div>\n<\/div>\n","protected":false},"excerpt":{"rendered":"<p>Diversas melhorias foram solicitadas pela deputada estadual Mara Caseiro (PSDB), para a Escola Estadual Jorge Amado, em Chapad\u00e3o do Sul. Ao governo estadual, ela pediu a substitui\u00e7\u00e3o de lousas, a instala\u00e7\u00e3o de c\u00e2meras de monitoramento em todas as salas de aula e a reforma da quadra de esportes. Os pedidos atendem indica\u00e7\u00e3o do vereador Vanderson [&hellip;]<\/p>\n","protected":false},"author":4,"featured_media":248860,"comment_status":"closed","ping_status":"closed","sticky":false,"template":"","format":"standard","meta":{"footnotes":""},"categories":[23,27,37],"tags":[],"class_list":["post-248859","post","type-post","status-publish","format-standard","has-post-thumbnail","hentry","category-chapadao-do-sul","category-educacao","category-politica"],"_links":{"self":[{"href":"https:\/\/www.ocorreionews.com.br\/acervo-correio\/index.php?rest_route=\/wp\/v2\/posts\/248859","targetHints":{"allow":["GET"]}}],"collection":[{"href":"https:\/\/www.ocorreionews.com.br\/acervo-correio\/index.php?rest_route=\/wp\/v2\/posts"}],"about":[{"href":"https:\/\/www.ocorreionews.com.br\/acervo-correio\/index.php?rest_route=\/wp\/v2\/types\/post"}],"author":[{"embeddable":true,"href":"https:\/\/www.ocorreionews.com.br\/acervo-correio\/index.php?rest_route=\/wp\/v2\/users\/4"}],"replies":[{"embeddable":true,"href":"https:\/\/www.ocorreionews.com.br\/acervo-correio\/index.php?rest_route=%2Fwp%2Fv2%2Fcomments&post=248859"}],"version-history":[{"count":1,"href":"https:\/\/www.ocorreionews.com.br\/acervo-correio\/index.php?rest_route=\/wp\/v2\/posts\/248859\/revisions"}],"predecessor-version":[{"id":248861,"href":"https:\/\/www.ocorreionews.com.br\/acervo-correio\/index.php?rest_route=\/wp\/v2\/posts\/248859\/revisions\/248861"}],"wp:featuredmedia":[{"embeddable":true,"href":"https:\/\/www.ocorreionews.com.br\/acervo-correio\/index.php?rest_route=\/wp\/v2\/media\/248860"}],"wp:attachment":[{"href":"https:\/\/www.ocorreionews.com.br\/acervo-correio\/index.php?rest_route=%2Fwp%2Fv2%2Fmedia&parent=248859"}],"wp:term":[{"taxonomy":"category","embeddable":true,"href":"https:\/\/www.ocorreionews.com.br\/acervo-correio\/index.php?rest_route=%2Fwp%2Fv2%2Fcategories&post=248859"},{"taxonomy":"post_tag","embeddable":true,"href":"https:\/\/www.ocorreionews.com.br\/acervo-correio\/index.php?rest_route=%2Fwp%2Fv2%2Ftags&post=248859"}],"curies":[{"name":"wp","href":"https:\/\/api.w.org\/{rel}","templated":true}]}}