{"id":248875,"date":"2023-08-18T07:17:19","date_gmt":"2023-08-18T11:17:19","guid":{"rendered":"https:\/\/www.ocorreionews.com.br\/acervo-correio\/?p=248875"},"modified":"2023-08-19T07:23:40","modified_gmt":"2023-08-19T11:23:40","slug":"mutacao-de-variante-da-covid-19-preocupa-confira-o-que-se-sabe-sobre-eris","status":"publish","type":"post","link":"https:\/\/www.ocorreionews.com.br\/acervo-correio\/?p=248875","title":{"rendered":"Muta\u00e7\u00e3o de variante da Covid-19 preocupa: confira o que se sabe sobre Eris"},"content":{"rendered":"<div class=\"text\">\n<p>Uma muta\u00e7\u00e3o altamente infecciona da variante Eris do v\u00edrus Covid-19 est\u00e1 preocupando especialistas ao redor do mundo. No Reino Unido, autoridades em sa\u00fade voltaram a recomendar o uso de m\u00e1scaras para evitar um novo surto da doen\u00e7a.<\/p>\n<p>A variante Eris \u00e9 uma subvariante da Omicron, uma cepa mais veloz na transmiss\u00e3o do v\u00edrus. Eris \u00e9 considerada uma cepa altamente infecciosa e de r\u00e1pida capacidade de muta\u00e7\u00e3o.<\/p>\n<p>Um artigo publicado na revista National Geographic nesta semana trouxe detalhes sobre a nova variante. Eris foi detectada pela primeira vez em 17 de fevereiro de 2023 na Indon\u00e9sia e batizada de variante EG.5.<\/p>\n<p>No \u00faltimo dia 9 de agosto a OMS (Organiza\u00e7\u00e3o Mundial da Sa\u00fade) emitiu um comunicado a respeito da variante. &#8220;Estamos designando a EG.5 e seus derivados como uma variante preocupante&#8221;, disse o comunicado.<\/p>\n<p>At\u00e9 a semana passada, a nova variante foi respons\u00e1vel por casos em 51 pa\u00edses, mas ainda n\u00e3o h\u00e1 casos confirmados no Brasil. A China lidera a quantidade de casos at\u00e9 agora, s\u00e3o 2.247 at\u00e9 o dia 7 de agosto, \u00faltimo dado disponibilizado pela OMS.<\/p>\n<p>A OMS tamb\u00e9m afirma que Eris\u00a0tem se espalhado rapidamente no mundo. Durante a semana epidemiol\u00f3gica 29 (17-23 de julho de 2023), a preval\u00eancia global da EG.5 foi de 17%.<\/p>\n<p>O comunicado tamb\u00e9m detalha que mesmo com o aumento de casos, n\u00e3o houve mudan\u00e7as no quadro de gravidade da doen\u00e7a, ou seja, at\u00e9 o momento n\u00e3o h\u00e1 registros que a muta\u00e7\u00e3o da cepa seja cause quadros infecciosos mais graves.<\/p>\n<p><strong>Eris faz Reino Unido recomendar volta das m\u00e1scaras<\/strong><\/p>\n<p>Cientistas no Reino Unido recomendaram a volta do uso de m\u00e1scaras para a preven\u00e7\u00e3o da covid-19. Os especialistas est\u00e3o preocupados com o alto poder de transmiss\u00e3o das novas variantes do v\u00edrus, principalmente a \u00c9ris, uma subvariante da \u00d4micron.<\/p>\n<p>Mesmo com cr\u00edticas de profissionais da sa\u00fade, o uso de m\u00e1scaras em hospitais deixou de ser obrigat\u00f3rio em maio, e n\u00e3o tem previs\u00e3o de voltar.<\/p>\n<\/div>\n<p class=\"py-3 d-print-none\">Midiamax<\/p>\n","protected":false},"excerpt":{"rendered":"<p>Uma muta\u00e7\u00e3o altamente infecciona da variante Eris do v\u00edrus Covid-19 est\u00e1 preocupando especialistas ao redor do mundo. No Reino Unido, autoridades em sa\u00fade voltaram a recomendar o uso de m\u00e1scaras para evitar um novo surto da doen\u00e7a. A variante Eris \u00e9 uma subvariante da Omicron, uma cepa mais veloz na transmiss\u00e3o do v\u00edrus. Eris \u00e9 [&hellip;]<\/p>\n","protected":false},"author":4,"featured_media":248876,"comment_status":"closed","ping_status":"closed","sticky":false,"template":"","format":"standard","meta":{"footnotes":""},"categories":[39],"tags":[],"class_list":["post-248875","post","type-post","status-publish","format-standard","has-post-thumbnail","hentry","category-saude"],"_links":{"self":[{"href":"https:\/\/www.ocorreionews.com.br\/acervo-correio\/index.php?rest_route=\/wp\/v2\/posts\/248875","targetHints":{"allow":["GET"]}}],"collection":[{"href":"https:\/\/www.ocorreionews.com.br\/acervo-correio\/index.php?rest_route=\/wp\/v2\/posts"}],"about":[{"href":"https:\/\/www.ocorreionews.com.br\/acervo-correio\/index.php?rest_route=\/wp\/v2\/types\/post"}],"author":[{"embeddable":true,"href":"https:\/\/www.ocorreionews.com.br\/acervo-correio\/index.php?rest_route=\/wp\/v2\/users\/4"}],"replies":[{"embeddable":true,"href":"https:\/\/www.ocorreionews.com.br\/acervo-correio\/index.php?rest_route=%2Fwp%2Fv2%2Fcomments&post=248875"}],"version-history":[{"count":1,"href":"https:\/\/www.ocorreionews.com.br\/acervo-correio\/index.php?rest_route=\/wp\/v2\/posts\/248875\/revisions"}],"predecessor-version":[{"id":248877,"href":"https:\/\/www.ocorreionews.com.br\/acervo-correio\/index.php?rest_route=\/wp\/v2\/posts\/248875\/revisions\/248877"}],"wp:featuredmedia":[{"embeddable":true,"href":"https:\/\/www.ocorreionews.com.br\/acervo-correio\/index.php?rest_route=\/wp\/v2\/media\/248876"}],"wp:attachment":[{"href":"https:\/\/www.ocorreionews.com.br\/acervo-correio\/index.php?rest_route=%2Fwp%2Fv2%2Fmedia&parent=248875"}],"wp:term":[{"taxonomy":"category","embeddable":true,"href":"https:\/\/www.ocorreionews.com.br\/acervo-correio\/index.php?rest_route=%2Fwp%2Fv2%2Fcategories&post=248875"},{"taxonomy":"post_tag","embeddable":true,"href":"https:\/\/www.ocorreionews.com.br\/acervo-correio\/index.php?rest_route=%2Fwp%2Fv2%2Ftags&post=248875"}],"curies":[{"name":"wp","href":"https:\/\/api.w.org\/{rel}","templated":true}]}}