{"id":248878,"date":"2023-08-18T07:34:16","date_gmt":"2023-08-18T11:34:16","guid":{"rendered":"https:\/\/www.ocorreionews.com.br\/acervo-correio\/?p=248878"},"modified":"2023-08-18T07:34:16","modified_gmt":"2023-08-18T11:34:16","slug":"saude-de-alcinopolis-comeca-a-realizar-a-oficina-de-praticas-integrativas","status":"publish","type":"post","link":"https:\/\/www.ocorreionews.com.br\/acervo-correio\/?p=248878","title":{"rendered":"Sa\u00fade de Alcin\u00f3polis come\u00e7a a realizar a OFICINA DE PR\u00c1TICAS INTEGRATIVAS"},"content":{"rendered":"<p>A Secretaria de Sa\u00fade realizou nesta quarta-feira (16\/08) a primeira oficina, de uma s\u00e9rie de encontros, voltados a aromaterapia, onde os servidores puderam conhecer um pouco mais sobre o uso de \u00f3leos essenciais e seus benef\u00edcios para o corpo e a mente, por meio dos ensinamentos.<\/p>\n<p><img loading=\"lazy\" decoding=\"async\" class=\"alignnone size-full wp-image-248880\" src=\"https:\/\/www.ocorreionews.com.br\/acervo-correio\/wp-content\/uploads\/2023\/08\/OFICINA-DE-PRATICAS-INTEGRATIVAS2.jpg\" alt=\"\" width=\"1080\" height=\"809\" srcset=\"https:\/\/www.ocorreionews.com.br\/acervo-correio\/wp-content\/uploads\/2023\/08\/OFICINA-DE-PRATICAS-INTEGRATIVAS2.jpg 1080w, https:\/\/www.ocorreionews.com.br\/acervo-correio\/wp-content\/uploads\/2023\/08\/OFICINA-DE-PRATICAS-INTEGRATIVAS2-300x225.jpg 300w, https:\/\/www.ocorreionews.com.br\/acervo-correio\/wp-content\/uploads\/2023\/08\/OFICINA-DE-PRATICAS-INTEGRATIVAS2-1024x767.jpg 1024w, https:\/\/www.ocorreionews.com.br\/acervo-correio\/wp-content\/uploads\/2023\/08\/OFICINA-DE-PRATICAS-INTEGRATIVAS2-768x575.jpg 768w, https:\/\/www.ocorreionews.com.br\/acervo-correio\/wp-content\/uploads\/2023\/08\/OFICINA-DE-PRATICAS-INTEGRATIVAS2-86x64.jpg 86w\" sizes=\"auto, (max-width: 1080px) 100vw, 1080px\" \/><\/p>\n<p>Uma das demonstra\u00e7\u00f5es, a infus\u00e3o de \u00f3leos atrav\u00e9s do toque e olfato foi um momento de relaxamento, proporcionado pelo uso de \u00f3leo essencial e orientado pelas fisioterapeutas Viviane e Neiva.<\/p>\n<p><img loading=\"lazy\" decoding=\"async\" class=\"alignnone size-full wp-image-248881\" src=\"https:\/\/www.ocorreionews.com.br\/acervo-correio\/wp-content\/uploads\/2023\/08\/OFICINA-DE-PRATICAS-INTEGRATIVAS3.jpg\" alt=\"\" width=\"1080\" height=\"608\" srcset=\"https:\/\/www.ocorreionews.com.br\/acervo-correio\/wp-content\/uploads\/2023\/08\/OFICINA-DE-PRATICAS-INTEGRATIVAS3.jpg 1080w, https:\/\/www.ocorreionews.com.br\/acervo-correio\/wp-content\/uploads\/2023\/08\/OFICINA-DE-PRATICAS-INTEGRATIVAS3-300x169.jpg 300w, https:\/\/www.ocorreionews.com.br\/acervo-correio\/wp-content\/uploads\/2023\/08\/OFICINA-DE-PRATICAS-INTEGRATIVAS3-1024x576.jpg 1024w, https:\/\/www.ocorreionews.com.br\/acervo-correio\/wp-content\/uploads\/2023\/08\/OFICINA-DE-PRATICAS-INTEGRATIVAS3-768x432.jpg 768w\" sizes=\"auto, (max-width: 1080px) 100vw, 1080px\" \/><\/p>\n<p>A utiliza\u00e7\u00e3o das pr\u00e1ticas integrativas como recursos terap\u00eauticos s\u00e3o inovadoras e amplificam o cuidado com a popula\u00e7\u00e3o.<\/p>\n<p>As oficinas v\u00e3o acontecer em todos setores p\u00fablicos e logo ser\u00e3o abertas as inscri\u00e7\u00f5es para participa\u00e7\u00e3o da popula\u00e7\u00e3o na academia da sa\u00fade.<\/p>\n<p>Secretaria Municipal de Sa\u00fade de Alcin\u00f3polis<\/p>\n<p>Cuidando da nossa gente!<\/p>\n<p>Fonte\/Fotos: Secretaria Municipal de Sa\u00fade\/Prefeitura de Alcin\u00f3polis<\/p>\n","protected":false},"excerpt":{"rendered":"<p>A Secretaria de Sa\u00fade realizou nesta quarta-feira (16\/08) a primeira oficina, de uma s\u00e9rie de encontros, voltados a aromaterapia, onde os servidores puderam conhecer um pouco mais sobre o uso de \u00f3leos essenciais e seus benef\u00edcios para o corpo e a mente, por meio dos ensinamentos. Uma das demonstra\u00e7\u00f5es, a infus\u00e3o de \u00f3leos atrav\u00e9s do [&hellip;]<\/p>\n","protected":false},"author":4,"featured_media":248879,"comment_status":"closed","ping_status":"closed","sticky":false,"template":"","format":"standard","meta":{"footnotes":""},"categories":[18,39],"tags":[],"class_list":["post-248878","post","type-post","status-publish","format-standard","has-post-thumbnail","hentry","category-alcinopolis","category-saude"],"_links":{"self":[{"href":"https:\/\/www.ocorreionews.com.br\/acervo-correio\/index.php?rest_route=\/wp\/v2\/posts\/248878","targetHints":{"allow":["GET"]}}],"collection":[{"href":"https:\/\/www.ocorreionews.com.br\/acervo-correio\/index.php?rest_route=\/wp\/v2\/posts"}],"about":[{"href":"https:\/\/www.ocorreionews.com.br\/acervo-correio\/index.php?rest_route=\/wp\/v2\/types\/post"}],"author":[{"embeddable":true,"href":"https:\/\/www.ocorreionews.com.br\/acervo-correio\/index.php?rest_route=\/wp\/v2\/users\/4"}],"replies":[{"embeddable":true,"href":"https:\/\/www.ocorreionews.com.br\/acervo-correio\/index.php?rest_route=%2Fwp%2Fv2%2Fcomments&post=248878"}],"version-history":[{"count":1,"href":"https:\/\/www.ocorreionews.com.br\/acervo-correio\/index.php?rest_route=\/wp\/v2\/posts\/248878\/revisions"}],"predecessor-version":[{"id":248882,"href":"https:\/\/www.ocorreionews.com.br\/acervo-correio\/index.php?rest_route=\/wp\/v2\/posts\/248878\/revisions\/248882"}],"wp:featuredmedia":[{"embeddable":true,"href":"https:\/\/www.ocorreionews.com.br\/acervo-correio\/index.php?rest_route=\/wp\/v2\/media\/248879"}],"wp:attachment":[{"href":"https:\/\/www.ocorreionews.com.br\/acervo-correio\/index.php?rest_route=%2Fwp%2Fv2%2Fmedia&parent=248878"}],"wp:term":[{"taxonomy":"category","embeddable":true,"href":"https:\/\/www.ocorreionews.com.br\/acervo-correio\/index.php?rest_route=%2Fwp%2Fv2%2Fcategories&post=248878"},{"taxonomy":"post_tag","embeddable":true,"href":"https:\/\/www.ocorreionews.com.br\/acervo-correio\/index.php?rest_route=%2Fwp%2Fv2%2Ftags&post=248878"}],"curies":[{"name":"wp","href":"https:\/\/api.w.org\/{rel}","templated":true}]}}