{"id":248886,"date":"2023-08-18T07:45:25","date_gmt":"2023-08-18T11:45:25","guid":{"rendered":"https:\/\/www.ocorreionews.com.br\/acervo-correio\/?p=248886"},"modified":"2023-08-18T07:45:25","modified_gmt":"2023-08-18T11:45:25","slug":"ampla-visao-bolsonaro-e-sua-influencia-nas-eleicoes-municipais","status":"publish","type":"post","link":"https:\/\/www.ocorreionews.com.br\/acervo-correio\/?p=248886","title":{"rendered":"Ampla Vis\u00e3o: Bolsonaro e sua influ\u00eancia nas elei\u00e7\u00f5es municipais"},"content":{"rendered":"<div class=\"addthis_inline_share_toolbox_nkoz\"><\/div>\n<div class=\"entry\">\n<p><strong><u>\u2018EFEITO BOLSONARO\u2019:<\/u><\/strong>\u00a0Em 2018 e 2022 muita gente se elegeu no v\u00e1cuo dele. \u00a0Aqui v\u00e1rios exemplos. Hoje o cen\u00e1rio \u00e9 outro por fatores not\u00f3rios. Para 2024 ainda \u00e9 imprevis\u00edvel a eventual influ\u00eancia do ex-presidente (ineleg\u00edvel) por se tratar de elei\u00e7\u00e3o municipal onde \u2013 geralmente \u2013 pesa em primeiro lugar a pessoalidade das candidaturas.<\/p>\n<p><strong><u>NA CARONA:<\/u><\/strong>\u00a0Em Campo Grande o esbo\u00e7o do quadro sucess\u00f3rio j\u00e1 indica razo\u00e1vel tend\u00eancia ou influ\u00eancia do \u2018Bolsonarismo\u2019 caracterizado pela presen\u00e7a da senadora Tereza Cristina (PP) como madrinha da prefeita Adriane Lopes no seu ingresso na sigla. E mais, o fato da prefeita ser evang\u00e9lica \u00e9 um fator que agrega o conservadorismo.<\/p>\n<p><strong><u>VITIMIZA\u00c7\u00c3O:\u00a0<\/u><\/strong>\u00a0O que vai ocorrer com o ex-presidente? \u00c9 cedo para dizer embora as previs\u00f5es sejam sombrias pelo que traz o notici\u00e1rio. Mas a rea\u00e7\u00e3o do eleitor \u00e9 sempre imprevis\u00edvel como j\u00e1 vimos em outros casos. Da\u00ed n\u00e3o se pode afirmar, mesmo no caso da proced\u00eancia das den\u00fancias \u2013\u00a0 que seus partid\u00e1rios ir\u00e3o abandon\u00e1-lo.<\/p>\n<p><strong><u>NOTE BEM:<\/u><\/strong>\u00a0Em pol\u00edtica a fidelidade (fan\u00e1tica ou n\u00e3o) n\u00e3o faz distin\u00e7\u00f5es da ideologia. Eleitores da direita e esquerda s\u00e3o movidos pelo mesmo sentimento de paix\u00e3o. No caso do ex-presidente Lula a sua pris\u00e3o acabou beneficiando-o politicamente. Mas quanto a Bolsonaro o desafio \u00e9 encontrar um nome que encarne seu estilo de conduta.\u00a0<strong>Quem?<\/strong><\/p>\n<p><strong><u>O V\u00c1CUO:<\/u><\/strong>\u00a0Os governadores Romeu Zema (MG), Tarc\u00edsio de Freitas (SP) e Eduardo Leite (RS) surgem como pretensos nomes da linha \u2018anti PT\u2019. Mas h\u00e1 uma s\u00e9rie de fatos que precisam ser avaliados. Existem d\u00favidas do eleitor na an\u00e1lise destes nomes. H\u00e1 risco inclusive do desgaste deles se anteciparem o debate sucess\u00f3rio.<\/p>\n<p><strong><u>DECISIVO?<\/u><\/strong>\u00a0 Ainda n\u00e3o h\u00e1 diagn\u00f3stico comportamental do eleitor de centro que n\u00e3o vota na esquerda mas que se decepcionou com Bolsonaro. No caso de Campo Grande esse grupo de eleitores ainda n\u00e3o ganhou visibilidade a ponto de ser considerado decisivo. Um amigo denomina esse tipo de eleitorado de\u00a0<strong>\u2018\u00f3rf\u00e3os do capit\u00e3o\u2019<\/strong>.<\/p>\n<p><strong><u>\u201cPOR QUE N\u00c3O?\u201d<\/u><\/strong>\u00a0\u00a0Assim respondeu o deputado Pedrossian Neto (PDS) quando questionado se \u00e9 candidato \u00e0 prefeito da capital. E concluiu: \u201csou sim pr\u00e9-candidato; h\u00e1\u00a0 candidato da esquerda, da direita, do governador e a pr\u00f3pria prefeita postulando a reelei\u00e7\u00e3o. Portanto\u00a0<strong>h\u00e1 um v\u00e1cuo<\/strong>\u00a0no processo faltando o representante do centro\u201d.<\/p>\n<p><strong><u>ANIMADO:\u00a0<\/u><\/strong>\u00a0Outro deputado que mira a prefeitura \u00e9 Lucas de Lima (PDT) que tem consci\u00eancia da oportunidade \u2018sui generis\u2019 que se abriu nestas elei\u00e7\u00f5es. Ali\u00e1s, a dire\u00e7\u00e3o nacional do PDT acompanha seu desempenho nas pesquisas e avalia suas chances de competir. Ao seu estilo, ele est\u00e1 gostando do \u2018jogo\u2019 onde a popularidade tem\u00a0<strong>peso real<\/strong>.<\/p>\n<p><strong><u>ROSE MODESTO:<\/u><\/strong>\u00a0\u00a0\u00c9 a nossa melhor representante no Planalto. Na Sudeco inova; nos pr\u00f3ximos dias 28,29 e 30 estar\u00e1 na capital com a \u2018Caravana da Sudeco\u2019 junto com 2 ministros para atendimento aos pequenos empres\u00e1rios. Outra boa not\u00edcia: a Sudeco deve liberar recursos para a preservar o Pantanal com juros especiais. Enfim, essa \u00e9 a Rose.<\/p>\n<p><strong><u>FESTA DO PODER:<\/u><\/strong>\u00a0Governador, deputados, prefeitos e vereadores no mesmo espa\u00e7o. O clima n\u00e3o poderia ser diferente: abra\u00e7os, tapinha nas costas, fotos, sorrisos largos e fofocas no sagu\u00e3o da Assembleia Legislativa. Momentos gratificantes para aqueles que lutaram tanto para chegar ao poder. Isso se chama pol\u00edtica.<\/p>\n<p><strong><u>CAINDO DO C\u00c9U:<\/u><\/strong>\u00a0As emendas parlamentares sempre vem na hora certa para os deputados socorrerem prefeituras e entidades. \u00c9 dinheiro para a compra de ambul\u00e2ncias, equipamentos hospitalares, reformas de unidades de sa\u00fade, material cir\u00fargico, parque infantil, aquecedor de piscina, instrumentos musicais e outras necessidades.<\/p>\n<p><strong><u>MESMICE:\u00a0<\/u><\/strong>\u00a0Gosto de conversar com os vereadores interioranos. Ao seu estilo, fazem o relato sem retoques do quadro pol\u00edtico em que vivem. As cidades, \u00e9 claro, continuam divididas em 2 grupos: a favor e contra o prefeito. Mas todos eles reclamam da postura costumeira e insaci\u00e1vel do eleitor sempre \u00e0 procura (diuturna) de alguma vantagem.<\/p>\n<p><strong><u>\u2018MORDIDAS\u2019:<\/u><\/strong>\u00a0Os vereadores questionam \u2013 \u2018e como fugir delas? \u2019 S\u00e3o os rem\u00e9dios, o dinheiro para pagar a presta\u00e7\u00e3o vencida, a passagem de \u00f4nibus, o botij\u00e3o de g\u00e1s, o conserto da moto, da bicicleta ou do celular. Os vereadores lembram que o dinheiro do sal\u00e1rio normalmente desaparece transformando o status do mandato em mera ilus\u00e3o.<\/p>\n<p><strong><u>REELEI\u00c7\u00c3O:<\/u><\/strong>\u00a0Numa pesquisa informal dentre os prefeitos em condi\u00e7\u00f5es legais de disputa, nenhum deles manifestou vontade de desistir da tentativa de reelei\u00e7\u00e3o em 2024. Os argumentos \u2013 variando apenas nos termos usados \u2013 se referem a necessidade de conclus\u00e3o do projeto administrativo prometido nas elei\u00e7\u00f5es.\u00a0<strong>O poder fascina mesmo!<\/strong><\/p>\n<p><strong><u>CONCORR\u00caNCIA:<\/u><\/strong>\u00a0\u00c9 marcante no segmento religioso das aldeias ind\u00edgenas. Segundo o vereador ind\u00edgena (Kaiow\u00e1) de Douradina \u2013 Marcelo Quevedo (PSDB), eleito com 226 votos, na aldeia local de mil pessoas funcionam10 igrejas. Portanto, presumo \u2013 n\u00e3o seria por falta de religiosidade que a comunidade deixaria de resolver suas demandas.<\/p>\n<p><strong><u>GET\u00daLIO VARGAS:<\/u><\/strong>\u00a0\u201c( \u2013 ) \u00a0Lutei contra a espolia\u00e7\u00e3o do Brasil. Lutei contra a espolia\u00e7\u00e3o do povo. Tenho lutado de peito aberto. O \u00f3dio, as inf\u00e2mias, as cal\u00fanias n\u00e3o abateram meu \u00e2nimo. Eu vos dei a minha vida. Agora vos ofere\u00e7o a minha morte. Nada receio. Serenamente dou o primeiro passo no caminho da eternidade e saio da vida para entrar na Hist\u00f3ria\u201d.\u00a0<strong>(Trecho final da \u2018Carta Testamento\u2019)<\/strong><\/p>\n<p><strong><u>DETALHES:<\/u><\/strong>\u00a0Em 1897, aos 14 anos de idade Get\u00falio Vargas, estudou em Ouro Preto (capital mineira at\u00e9 12\/12\/1897) no curso preparat\u00f3ria de Engenharia. Seus irm\u00e3os Prot\u00e1sio e Viriato tamb\u00e9m estudavam l\u00e1. Esse \u00faltimo, foi acusado de matar o estudante paulista Carlos Almeida Prado, com 2 tiros, motivando o retorno deles ao Sul do pa\u00eds.<\/p>\n<p><strong><u>CORUMB\u00c1:<\/u><\/strong>\u00a0Em 1903 Get\u00falio ingressou no Ex\u00e9rcito chegando a 2\u00ba sargento. Como\u00a0 \u00a0havia a disputa do Brasil e Bol\u00edvia pelo Acre ele veio para\u00a0<strong>Corumb\u00e1 como volunt\u00e1rio<\/strong>, mas com a solu\u00e7\u00e3o diplom\u00e1tica do conflito, retornou a Porto Alegre. N\u00e3o h\u00e1 detalhes de sua estadia na \u2018Cidade Branca\u2019, onde a maioria da popula\u00e7\u00e3o desconhece o fato.\u00a0<strong>Pena!<\/strong><\/p>\n<p><strong><u>LEITE AZEDO:<\/u><\/strong>\u00a0Caf\u00e9 amigo com o deputado federal Rodolfo Nogueira (PL). Na pauta os excessos na importa\u00e7\u00e3o (imposto zero) de leite dos pa\u00edses do Mercosul que prejudica os produtores brasileiros. Nogueira acredita na aprova\u00e7\u00e3o da PDL para derrubar aquela resolu\u00e7\u00e3o do Governo Federal \u2013 sob pena do leite nosso perder a competividade pelo pre\u00e7o baixo no mercado.<\/p>\n<p><strong><u>\u2018DROGAS\u2019:<\/u><\/strong>\u00a0Confusa essa quest\u00e3o do tr\u00e1fico &amp; consumo. A realidade difere da justi\u00e7a que est\u00e1 discutindo a quantidade de maconha a ser permitida, como se os envolvidos e interessados no assunto t\u00e3o delicado fossem s\u00e9rios. \u00a0Desse jeito a pol\u00edcia, os usu\u00e1rios e os traficantes ter\u00e3o que usar a balan\u00e7a para aferir o peso da droga nas mais diferentes situa\u00e7\u00f5es.\u00a0<strong>Ora! N\u00e3o \u00e9 dif\u00edcil prever no que isso vai dar.<\/strong><\/p>\n<p><strong><u>PILULA DO POETA:\u00a0<\/u><\/strong><\/p>\n<p>Vento? S\u00f3 subindo no alto da arvore que a gente pega ele pelo rabo\u2026\u00a0<strong>(Manoel de Barros)<\/strong><\/p>\n<\/div>\n","protected":false},"excerpt":{"rendered":"<p>\u2018EFEITO BOLSONARO\u2019:\u00a0Em 2018 e 2022 muita gente se elegeu no v\u00e1cuo dele. \u00a0Aqui v\u00e1rios exemplos. Hoje o cen\u00e1rio \u00e9 outro por fatores not\u00f3rios. Para 2024 ainda \u00e9 imprevis\u00edvel a eventual influ\u00eancia do ex-presidente (ineleg\u00edvel) por se tratar de elei\u00e7\u00e3o municipal onde \u2013 geralmente \u2013 pesa em primeiro lugar a pessoalidade das candidaturas. NA CARONA:\u00a0Em Campo [&hellip;]<\/p>\n","protected":false},"author":4,"featured_media":248887,"comment_status":"closed","ping_status":"closed","sticky":false,"template":"","format":"standard","meta":{"footnotes":""},"categories":[37],"tags":[],"class_list":["post-248886","post","type-post","status-publish","format-standard","has-post-thumbnail","hentry","category-politica"],"_links":{"self":[{"href":"https:\/\/www.ocorreionews.com.br\/acervo-correio\/index.php?rest_route=\/wp\/v2\/posts\/248886","targetHints":{"allow":["GET"]}}],"collection":[{"href":"https:\/\/www.ocorreionews.com.br\/acervo-correio\/index.php?rest_route=\/wp\/v2\/posts"}],"about":[{"href":"https:\/\/www.ocorreionews.com.br\/acervo-correio\/index.php?rest_route=\/wp\/v2\/types\/post"}],"author":[{"embeddable":true,"href":"https:\/\/www.ocorreionews.com.br\/acervo-correio\/index.php?rest_route=\/wp\/v2\/users\/4"}],"replies":[{"embeddable":true,"href":"https:\/\/www.ocorreionews.com.br\/acervo-correio\/index.php?rest_route=%2Fwp%2Fv2%2Fcomments&post=248886"}],"version-history":[{"count":1,"href":"https:\/\/www.ocorreionews.com.br\/acervo-correio\/index.php?rest_route=\/wp\/v2\/posts\/248886\/revisions"}],"predecessor-version":[{"id":248888,"href":"https:\/\/www.ocorreionews.com.br\/acervo-correio\/index.php?rest_route=\/wp\/v2\/posts\/248886\/revisions\/248888"}],"wp:featuredmedia":[{"embeddable":true,"href":"https:\/\/www.ocorreionews.com.br\/acervo-correio\/index.php?rest_route=\/wp\/v2\/media\/248887"}],"wp:attachment":[{"href":"https:\/\/www.ocorreionews.com.br\/acervo-correio\/index.php?rest_route=%2Fwp%2Fv2%2Fmedia&parent=248886"}],"wp:term":[{"taxonomy":"category","embeddable":true,"href":"https:\/\/www.ocorreionews.com.br\/acervo-correio\/index.php?rest_route=%2Fwp%2Fv2%2Fcategories&post=248886"},{"taxonomy":"post_tag","embeddable":true,"href":"https:\/\/www.ocorreionews.com.br\/acervo-correio\/index.php?rest_route=%2Fwp%2Fv2%2Ftags&post=248886"}],"curies":[{"name":"wp","href":"https:\/\/api.w.org\/{rel}","templated":true}]}}