{"id":248900,"date":"2023-08-18T09:29:58","date_gmt":"2023-08-18T13:29:58","guid":{"rendered":"https:\/\/www.ocorreionews.com.br\/acervo-correio\/?p=248900"},"modified":"2023-08-18T09:29:58","modified_gmt":"2023-08-18T13:29:58","slug":"homem-e-preso-em-costa-rica-ao-anunciar-venda-de-celular-furtado-em-rede-social","status":"publish","type":"post","link":"https:\/\/www.ocorreionews.com.br\/acervo-correio\/?p=248900","title":{"rendered":"Homem \u00e9 preso em Costa Rica ao anunciar venda de celular furtado em rede social"},"content":{"rendered":"<p>Nesta quinta-feira (17), a Pol\u00edcia de Costa Rica prendeu um homem de 33 anos por recepta\u00e7\u00e3o de produto furtado, ao anunciar a venda de um celular em rede social.<\/p>\n<p>Segundo informa\u00e7\u00f5es do Boletim de Ocorr\u00eancia, a Pol\u00edcia Civil, por meio da Se\u00e7\u00e3o de Investiga\u00e7\u00f5es Gerais (SIG), alcan\u00e7ou mais um \u00eaxito no combate \u00e0 criminalidade ao recuperar um aparelho celular que estava em posse de um receptador.<\/p>\n<p>No dia 04 de julho de 2023, quando o propriet\u00e1rio do aparelho celular sofreu a perda do dispositivo. Apesar de n\u00e3o ter sido devolvido ou entregue \u00e0s autoridades competentes, a Pol\u00edcia Civil n\u00e3o mediu esfor\u00e7os para investigar e recuperar o bem subtra\u00eddo.<\/p>\n<p>As investiga\u00e7\u00f5es revelaram que o suspeito W. C. A (33) havia feito um an\u00fancio de venda do aparelho celular da v\u00edtima. A partir desse ind\u00edcio, a equipe de investiga\u00e7\u00e3o agiu rapidamente, localizando e identificando o suspeito.<\/p>\n<p>O suspeito poder\u00e1 ser responsabilizado pelo crime de recepta\u00e7\u00e3o. A pr\u00e1tica de recepta\u00e7\u00e3o \u00e9 pass\u00edvel de pena de reclus\u00e3o de um a quatro anos, al\u00e9m de multa, conforme previsto no C\u00f3digo Penal.<\/p>\n<p><em>A Pol\u00edcia Civil refor\u00e7a a import\u00e2ncia de coibir a recepta\u00e7\u00e3o, uma vez que essa pr\u00e1tica fomenta o ciclo de crimes, desencorajando os delinquentes a adquirir bens de origem criminosa. A colabora\u00e7\u00e3o da popula\u00e7\u00e3o \u00e9 fundamental para o sucesso das investiga\u00e7\u00f5es, e den\u00fancias e informa\u00e7\u00f5es relevantes podem contribuir significativamente para a identifica\u00e7\u00e3o e pris\u00e3o dos envolvidos em atividades il\u00edcitas, o que pode ser feito pelo Telefone\/WhatsApp 67 3247 6500. O sigilo \u00e9 garantido. <\/em><\/p>\n","protected":false},"excerpt":{"rendered":"<p>Nesta quinta-feira (17), a Pol\u00edcia de Costa Rica prendeu um homem de 33 anos por recepta\u00e7\u00e3o de produto furtado, ao anunciar a venda de um celular em rede social. Segundo informa\u00e7\u00f5es do Boletim de Ocorr\u00eancia, a Pol\u00edcia Civil, por meio da Se\u00e7\u00e3o de Investiga\u00e7\u00f5es Gerais (SIG), alcan\u00e7ou mais um \u00eaxito no combate \u00e0 criminalidade ao [&hellip;]<\/p>\n","protected":false},"author":5,"featured_media":248901,"comment_status":"closed","ping_status":"closed","sticky":false,"template":"","format":"standard","meta":{"footnotes":""},"categories":[25,38],"tags":[],"class_list":["post-248900","post","type-post","status-publish","format-standard","has-post-thumbnail","hentry","category-costa-rica","category-policia"],"_links":{"self":[{"href":"https:\/\/www.ocorreionews.com.br\/acervo-correio\/index.php?rest_route=\/wp\/v2\/posts\/248900","targetHints":{"allow":["GET"]}}],"collection":[{"href":"https:\/\/www.ocorreionews.com.br\/acervo-correio\/index.php?rest_route=\/wp\/v2\/posts"}],"about":[{"href":"https:\/\/www.ocorreionews.com.br\/acervo-correio\/index.php?rest_route=\/wp\/v2\/types\/post"}],"author":[{"embeddable":true,"href":"https:\/\/www.ocorreionews.com.br\/acervo-correio\/index.php?rest_route=\/wp\/v2\/users\/5"}],"replies":[{"embeddable":true,"href":"https:\/\/www.ocorreionews.com.br\/acervo-correio\/index.php?rest_route=%2Fwp%2Fv2%2Fcomments&post=248900"}],"version-history":[{"count":1,"href":"https:\/\/www.ocorreionews.com.br\/acervo-correio\/index.php?rest_route=\/wp\/v2\/posts\/248900\/revisions"}],"predecessor-version":[{"id":248902,"href":"https:\/\/www.ocorreionews.com.br\/acervo-correio\/index.php?rest_route=\/wp\/v2\/posts\/248900\/revisions\/248902"}],"wp:featuredmedia":[{"embeddable":true,"href":"https:\/\/www.ocorreionews.com.br\/acervo-correio\/index.php?rest_route=\/wp\/v2\/media\/248901"}],"wp:attachment":[{"href":"https:\/\/www.ocorreionews.com.br\/acervo-correio\/index.php?rest_route=%2Fwp%2Fv2%2Fmedia&parent=248900"}],"wp:term":[{"taxonomy":"category","embeddable":true,"href":"https:\/\/www.ocorreionews.com.br\/acervo-correio\/index.php?rest_route=%2Fwp%2Fv2%2Fcategories&post=248900"},{"taxonomy":"post_tag","embeddable":true,"href":"https:\/\/www.ocorreionews.com.br\/acervo-correio\/index.php?rest_route=%2Fwp%2Fv2%2Ftags&post=248900"}],"curies":[{"name":"wp","href":"https:\/\/api.w.org\/{rel}","templated":true}]}}