{"id":248903,"date":"2023-08-18T09:48:09","date_gmt":"2023-08-18T13:48:09","guid":{"rendered":"https:\/\/www.ocorreionews.com.br\/acervo-correio\/?p=248903"},"modified":"2023-08-18T09:48:09","modified_gmt":"2023-08-18T13:48:09","slug":"homem-e-flagrado-pela-pm-com-arma-de-fogo-no-centro-de-chapadao-do-sul","status":"publish","type":"post","link":"https:\/\/www.ocorreionews.com.br\/acervo-correio\/?p=248903","title":{"rendered":"Homem \u00e9 flagrado pela PM com arma de fogo no Centro de Chapad\u00e3o do Sul"},"content":{"rendered":"<p>Na noite desta quinta-feira (17), um homem de 49 anos foi detido, depois de flagrado com arma de fogo no Centro de Chapad\u00e3o do Sul e tentar esconder dos policias.<\/p>\n<p>Segundo informa\u00e7\u00f5es do Boletim de Ocorr\u00eancia, por volta das 21h, uma equipe de moto-patrulhamento da PM de Chapad\u00e3o do Sul realizava rondas quando observaram 03 (tr\u00eas) homens saindo de uma resid\u00eancia na Rua 25, e os mesmo ao perceber a presen\u00e7a dos militares demonstraram nervosismo, abaixando a cabe\u00e7a e revirando o rosto. Nas m\u00e3os de um deles estava enrolado um objeto com um pano.<\/p>\n<p>Os militares observaram o poss\u00edvel suspeito e o mesmo tentou disfar\u00e7ar e jogou o objeto na carroceria do seu ve\u00edculo.<\/p>\n<p>Diante da suspeita, foi realizada a abordagem pelos militares nos suspeitos e quando o autor foi indagado sobre o objeto colocado na carroceria o mesmo relatou que se tratava de uma espingarda calibre .28 e nela tinha uma muni\u00e7\u00e3o intacta, al\u00e9m de ser encontrado outros 03 (tr\u00eas) canos de espingarda.<\/p>\n<p>Os outros dois homens foram liberados e o autor foi encaminhado junto com a arma para a Delegacia Civil para ser tomadas as providencias cab\u00edveis.<\/p>\n<p>&nbsp;<\/p>\n<p>&nbsp;<\/p>\n<p>*<em>O Correio News, com informa\u00e7\u00f5es da Assessoria da Policia Militar\u00a0<\/em><\/p>\n","protected":false},"excerpt":{"rendered":"<p>Na noite desta quinta-feira (17), um homem de 49 anos foi detido, depois de flagrado com arma de fogo no Centro de Chapad\u00e3o do Sul e tentar esconder dos policias. Segundo informa\u00e7\u00f5es do Boletim de Ocorr\u00eancia, por volta das 21h, uma equipe de moto-patrulhamento da PM de Chapad\u00e3o do Sul realizava rondas quando observaram 03 [&hellip;]<\/p>\n","protected":false},"author":5,"featured_media":248904,"comment_status":"closed","ping_status":"closed","sticky":false,"template":"","format":"standard","meta":{"footnotes":""},"categories":[23,38],"tags":[],"class_list":["post-248903","post","type-post","status-publish","format-standard","has-post-thumbnail","hentry","category-chapadao-do-sul","category-policia"],"_links":{"self":[{"href":"https:\/\/www.ocorreionews.com.br\/acervo-correio\/index.php?rest_route=\/wp\/v2\/posts\/248903","targetHints":{"allow":["GET"]}}],"collection":[{"href":"https:\/\/www.ocorreionews.com.br\/acervo-correio\/index.php?rest_route=\/wp\/v2\/posts"}],"about":[{"href":"https:\/\/www.ocorreionews.com.br\/acervo-correio\/index.php?rest_route=\/wp\/v2\/types\/post"}],"author":[{"embeddable":true,"href":"https:\/\/www.ocorreionews.com.br\/acervo-correio\/index.php?rest_route=\/wp\/v2\/users\/5"}],"replies":[{"embeddable":true,"href":"https:\/\/www.ocorreionews.com.br\/acervo-correio\/index.php?rest_route=%2Fwp%2Fv2%2Fcomments&post=248903"}],"version-history":[{"count":1,"href":"https:\/\/www.ocorreionews.com.br\/acervo-correio\/index.php?rest_route=\/wp\/v2\/posts\/248903\/revisions"}],"predecessor-version":[{"id":248905,"href":"https:\/\/www.ocorreionews.com.br\/acervo-correio\/index.php?rest_route=\/wp\/v2\/posts\/248903\/revisions\/248905"}],"wp:featuredmedia":[{"embeddable":true,"href":"https:\/\/www.ocorreionews.com.br\/acervo-correio\/index.php?rest_route=\/wp\/v2\/media\/248904"}],"wp:attachment":[{"href":"https:\/\/www.ocorreionews.com.br\/acervo-correio\/index.php?rest_route=%2Fwp%2Fv2%2Fmedia&parent=248903"}],"wp:term":[{"taxonomy":"category","embeddable":true,"href":"https:\/\/www.ocorreionews.com.br\/acervo-correio\/index.php?rest_route=%2Fwp%2Fv2%2Fcategories&post=248903"},{"taxonomy":"post_tag","embeddable":true,"href":"https:\/\/www.ocorreionews.com.br\/acervo-correio\/index.php?rest_route=%2Fwp%2Fv2%2Ftags&post=248903"}],"curies":[{"name":"wp","href":"https:\/\/api.w.org\/{rel}","templated":true}]}}