{"id":248906,"date":"2023-08-18T09:59:09","date_gmt":"2023-08-18T13:59:09","guid":{"rendered":"https:\/\/www.ocorreionews.com.br\/acervo-correio\/?p=248906"},"modified":"2023-08-18T11:07:12","modified_gmt":"2023-08-18T15:07:12","slug":"jovem-fica-ferido-ao-cair-com-veiculo-em-galeria-de-aguas-pluviais-em-chapadao-do-sul","status":"publish","type":"post","link":"https:\/\/www.ocorreionews.com.br\/acervo-correio\/?p=248906","title":{"rendered":"Jovem fica ferido ao cair com ve\u00edculo em galeria de \u00e1guas pluviais em Chapad\u00e3o do Sul"},"content":{"rendered":"<p>Na madrugada de quinta-feira (17), um jovem de 23 anos perdeu o controle de seu ve\u00edculo e acabou caindo em uma galeria aberta de \u00e1guas pluviais na cidade Chapad\u00e3o do Sul.<\/p>\n<p>Segundo informa\u00e7\u00f5es do Boletim de Ocorr\u00eancia, por volta das 00h10min a Policia Militar de Chapad\u00e3o do Sul, foi acionada a comparecer na Rua Brasil no Bairro Flamboyant, pois teria acontecido um acidente de tr\u00e2nsito provocado pela pr\u00f3pria v\u00edtima.<\/p>\n<p>De acordo com relato do condutor, ele teria passado mal e acabou perdendo o controle do seu ve\u00edculo um VW Gol, posteriormente caiu dentro de uma vala.<\/p>\n<p>O acidente resultou em danos materiais no veiculo e les\u00f5es corporais no condutor, que foi atendido e encaminhado para o Hospital Municipal.<\/p>\n<p>N\u00e3o h\u00e1 informa\u00e7\u00f5es do estado de sa\u00fade do jovem.<\/p>\n<p>&nbsp;<\/p>\n<p>*<em>O Correio News, com informa\u00e7\u00f5es da Assessoria da Policia Militar\u00a0<\/em><\/p>\n","protected":false},"excerpt":{"rendered":"<p>Na madrugada de quinta-feira (17), um jovem de 23 anos perdeu o controle de seu ve\u00edculo e acabou caindo em uma galeria aberta de \u00e1guas pluviais na cidade Chapad\u00e3o do Sul. Segundo informa\u00e7\u00f5es do Boletim de Ocorr\u00eancia, por volta das 00h10min a Policia Militar de Chapad\u00e3o do Sul, foi acionada a comparecer na Rua Brasil [&hellip;]<\/p>\n","protected":false},"author":5,"featured_media":248908,"comment_status":"closed","ping_status":"closed","sticky":false,"template":"","format":"standard","meta":{"footnotes":""},"categories":[23,38],"tags":[],"class_list":["post-248906","post","type-post","status-publish","format-standard","has-post-thumbnail","hentry","category-chapadao-do-sul","category-policia"],"_links":{"self":[{"href":"https:\/\/www.ocorreionews.com.br\/acervo-correio\/index.php?rest_route=\/wp\/v2\/posts\/248906","targetHints":{"allow":["GET"]}}],"collection":[{"href":"https:\/\/www.ocorreionews.com.br\/acervo-correio\/index.php?rest_route=\/wp\/v2\/posts"}],"about":[{"href":"https:\/\/www.ocorreionews.com.br\/acervo-correio\/index.php?rest_route=\/wp\/v2\/types\/post"}],"author":[{"embeddable":true,"href":"https:\/\/www.ocorreionews.com.br\/acervo-correio\/index.php?rest_route=\/wp\/v2\/users\/5"}],"replies":[{"embeddable":true,"href":"https:\/\/www.ocorreionews.com.br\/acervo-correio\/index.php?rest_route=%2Fwp%2Fv2%2Fcomments&post=248906"}],"version-history":[{"count":3,"href":"https:\/\/www.ocorreionews.com.br\/acervo-correio\/index.php?rest_route=\/wp\/v2\/posts\/248906\/revisions"}],"predecessor-version":[{"id":248916,"href":"https:\/\/www.ocorreionews.com.br\/acervo-correio\/index.php?rest_route=\/wp\/v2\/posts\/248906\/revisions\/248916"}],"wp:featuredmedia":[{"embeddable":true,"href":"https:\/\/www.ocorreionews.com.br\/acervo-correio\/index.php?rest_route=\/wp\/v2\/media\/248908"}],"wp:attachment":[{"href":"https:\/\/www.ocorreionews.com.br\/acervo-correio\/index.php?rest_route=%2Fwp%2Fv2%2Fmedia&parent=248906"}],"wp:term":[{"taxonomy":"category","embeddable":true,"href":"https:\/\/www.ocorreionews.com.br\/acervo-correio\/index.php?rest_route=%2Fwp%2Fv2%2Fcategories&post=248906"},{"taxonomy":"post_tag","embeddable":true,"href":"https:\/\/www.ocorreionews.com.br\/acervo-correio\/index.php?rest_route=%2Fwp%2Fv2%2Ftags&post=248906"}],"curies":[{"name":"wp","href":"https:\/\/api.w.org\/{rel}","templated":true}]}}