{"id":248911,"date":"2023-08-18T10:15:40","date_gmt":"2023-08-18T14:15:40","guid":{"rendered":"https:\/\/www.ocorreionews.com.br\/acervo-correio\/?p=248911"},"modified":"2023-08-18T10:15:40","modified_gmt":"2023-08-18T14:15:40","slug":"ciclista-fica-ferido-ao-ser-fechado-e-colidir-com-carro-em-costa-rica","status":"publish","type":"post","link":"https:\/\/www.ocorreionews.com.br\/acervo-correio\/?p=248911","title":{"rendered":"Ciclista fica ferido ao ser fechado e colidir com carro em Costa Rica"},"content":{"rendered":"<p>Na tarde desta quinta-feira (17), um homem de 46 anos ficou ferido ap\u00f3s colidir com carro em avenida de Costa Rica. Ele relatou que havia ingerido bebidas alco\u00f3licas pouco antes mas foi fechado pelo ve\u00edculo.<\/p>\n<p>De acordo com informa\u00e7\u00f5es do Boletim de Ocorr\u00eancia, por volta das 17h20min, a Pol\u00edcia Militar de Costa Rica foi acionada para atender uma ocorr\u00eancia de acidente de tr\u00e2nsito. No local segundo relato do autor de 46 anos, ele seguia pela Av. Jose Ferreira da Costa quando na esquina da Rua Rui Barbosa ligou a seta e de repente, sentiu um impacto na lateral do veiculo e quando parou para averiguar o que aconteceu viu que tinha colidido com um ciclista que estava ca\u00eddo ao solo.<\/p>\n<p>J\u00e1 a v\u00edtima relatou que teria ingerido bebida alco\u00f3lica momentos antes, por\u00e9m havia sido fechado pelo autor e acarretou na colis\u00e3o.<\/p>\n<p>O ciclista sofreu algumas escoria\u00e7\u00f5es, mas passa bem e o autor foi encaminhado \u00e0 Delegacia para as providencias cab\u00edveis.<\/p>\n<p>&nbsp;<\/p>\n<div class=\"entry-content clearfix single-post-content\">\n<p>*<em>O Correio News, com informa\u00e7\u00f5es da Assessoria da Policia Militar\u00a0<\/em><\/p>\n<\/div>\n<div class=\"post-share single-post-share bottom-share clearfix style-1\">\n<div class=\"post-share-btn-group\"><\/div>\n<div class=\"share-handler-wrap bs-pretty-tabs bs-pretty-tabs-initialized\"><\/div>\n<\/div>\n","protected":false},"excerpt":{"rendered":"<p>Na tarde desta quinta-feira (17), um homem de 46 anos ficou ferido ap\u00f3s colidir com carro em avenida de Costa Rica. Ele relatou que havia ingerido bebidas alco\u00f3licas pouco antes mas foi fechado pelo ve\u00edculo. De acordo com informa\u00e7\u00f5es do Boletim de Ocorr\u00eancia, por volta das 17h20min, a Pol\u00edcia Militar de Costa Rica foi acionada [&hellip;]<\/p>\n","protected":false},"author":5,"featured_media":221822,"comment_status":"closed","ping_status":"closed","sticky":false,"template":"","format":"standard","meta":{"footnotes":""},"categories":[25,38],"tags":[],"class_list":["post-248911","post","type-post","status-publish","format-standard","has-post-thumbnail","hentry","category-costa-rica","category-policia"],"_links":{"self":[{"href":"https:\/\/www.ocorreionews.com.br\/acervo-correio\/index.php?rest_route=\/wp\/v2\/posts\/248911","targetHints":{"allow":["GET"]}}],"collection":[{"href":"https:\/\/www.ocorreionews.com.br\/acervo-correio\/index.php?rest_route=\/wp\/v2\/posts"}],"about":[{"href":"https:\/\/www.ocorreionews.com.br\/acervo-correio\/index.php?rest_route=\/wp\/v2\/types\/post"}],"author":[{"embeddable":true,"href":"https:\/\/www.ocorreionews.com.br\/acervo-correio\/index.php?rest_route=\/wp\/v2\/users\/5"}],"replies":[{"embeddable":true,"href":"https:\/\/www.ocorreionews.com.br\/acervo-correio\/index.php?rest_route=%2Fwp%2Fv2%2Fcomments&post=248911"}],"version-history":[{"count":1,"href":"https:\/\/www.ocorreionews.com.br\/acervo-correio\/index.php?rest_route=\/wp\/v2\/posts\/248911\/revisions"}],"predecessor-version":[{"id":248913,"href":"https:\/\/www.ocorreionews.com.br\/acervo-correio\/index.php?rest_route=\/wp\/v2\/posts\/248911\/revisions\/248913"}],"wp:featuredmedia":[{"embeddable":true,"href":"https:\/\/www.ocorreionews.com.br\/acervo-correio\/index.php?rest_route=\/wp\/v2\/media\/221822"}],"wp:attachment":[{"href":"https:\/\/www.ocorreionews.com.br\/acervo-correio\/index.php?rest_route=%2Fwp%2Fv2%2Fmedia&parent=248911"}],"wp:term":[{"taxonomy":"category","embeddable":true,"href":"https:\/\/www.ocorreionews.com.br\/acervo-correio\/index.php?rest_route=%2Fwp%2Fv2%2Fcategories&post=248911"},{"taxonomy":"post_tag","embeddable":true,"href":"https:\/\/www.ocorreionews.com.br\/acervo-correio\/index.php?rest_route=%2Fwp%2Fv2%2Ftags&post=248911"}],"curies":[{"name":"wp","href":"https:\/\/api.w.org\/{rel}","templated":true}]}}