{"id":248917,"date":"2023-08-18T13:57:24","date_gmt":"2023-08-18T17:57:24","guid":{"rendered":"https:\/\/www.ocorreionews.com.br\/acervo-correio\/?p=248917"},"modified":"2023-08-18T13:57:24","modified_gmt":"2023-08-18T17:57:24","slug":"merendeira-cecilia-meireles-ganhou-o-premio-do-desafio-estadual-das-merendeiras","status":"publish","type":"post","link":"https:\/\/www.ocorreionews.com.br\/acervo-correio\/?p=248917","title":{"rendered":"Merendeira Cec\u00edlia Meireles ganhou o pr\u00eamio do Desafio Estadual das Merendeiras"},"content":{"rendered":"<p>Na \u00faltima quinta-feira, 17, a cidade de Chapad\u00e3o do Sul foi palco da emocionante Segunda Edi\u00e7\u00e3o do Desafio Estadual das Merendeiras, uma competi\u00e7\u00e3o culin\u00e1ria que reuniu talentosas profissionais da \u00e1rea de alimenta\u00e7\u00e3o escolar. O evento, resultado de uma parceria entre a Prefeitura de Chapad\u00e3o do Sul e o SEBRAE, teve como objetivo promover a troca de experi\u00eancias, valorizar o trabalho das merendeiras e destacar a import\u00e2ncia da alimenta\u00e7\u00e3o saud\u00e1vel no ambiente escolar e da integra\u00e7\u00e3o com os alimentos produzidos na agricultura familiar de Chapad\u00e3o do Sul.<\/p>\n<p>A competi\u00e7\u00e3o contou com a participa\u00e7\u00e3o de diversas merendeiras, que demonstraram todo o seu talento e dedica\u00e7\u00e3o na prepara\u00e7\u00e3o de pratos deliciosos e nutritivos. Os jurados tiveram a dif\u00edcil tarefa de avaliar as cria\u00e7\u00f5es, levando em considera\u00e7\u00e3o crit\u00e9rios como sabor, apresenta\u00e7\u00e3o, originalidade e utiliza\u00e7\u00e3o de ingredientes saud\u00e1veis e ingredientes produzidos pela agricultura familiar de Chapad\u00e3o do Sul.<\/p>\n<p>O evento contou com a presen\u00e7a ilustre do secret\u00e1rio de Desenvolvimento e Meio Ambiente, Jos\u00e9 J\u00fanior Teixeira, do secret\u00e1rio de Educa\u00e7\u00e3o, Guerino Perius, do presidente do Legislativo de Chapad\u00e3o do Sul, Airton Tucano, al\u00e9m dos vereadores Sapo, Vanderson Cardoso e Al\u00edrio Bacca. A presen\u00e7a dessas autoridades refor\u00e7a o compromisso do munic\u00edpio com a promo\u00e7\u00e3o da educa\u00e7\u00e3o, sa\u00fade e meio ambiente.<\/p>\n<p>Os resultados do Desafio Estadual das Merendeiras foram os seguintes:<\/p>\n<p>1\u00ba Lugar: Silvania Maria da Silva Prato: Alm\u00f4ndegas de Legumes com Arroz Colorido Escola: E.M. Cec\u00edlia Meireles<\/p>\n<p>2\u00ba Lugar: Lucimonica Petinelli de Sousa Prato: Arroz Temperado com Moqueca de Peixe Escola: E. M. \u00c9rico Ver\u00edssimo<\/p>\n<p>3\u00ba Lugar: Jaqueline Noely Ferreira Prato: Frango com Quiabo, Arroz com Legumes e Farofa Colorida Escola: E. M. Carlos Drumond de Andrade<\/p>\n<p>4\u00ba Lugar: Ana Paula Garcia Prato: Feijoada Saud\u00e1vel Escola: CEI Sonho Meu<\/p>\n<p>5\u00ba Lugar: Rozeli Ricarda de Lima Prato: Arroz com Carne de Porco e Creme de Milho Escola: E. M. Carlos Drumond de Andrade<\/p>\n<p>O evento tamb\u00e9m proporcionou momentos de aprendizado e intera\u00e7\u00e3o entre as merendeiras, que puderam compartilhar suas t\u00e9cnicas e segredos culin\u00e1rios, contribuindo para a melhoria constante da qualidade da alimenta\u00e7\u00e3o oferecida nas escolas.<\/p>\n<p>O sucesso da Segunda Edi\u00e7\u00e3o do Desafio Estadual das Merendeiras em Chapad\u00e3o do Sul reflete o comprometimento da comunidade escolar e das autoridades locais em proporcionar uma educa\u00e7\u00e3o de qualidade e uma alimenta\u00e7\u00e3o saud\u00e1vel para as crian\u00e7as do munic\u00edpio. A parceria entre a Prefeitura e o SEBRAE \u00e9 um exemplo inspirador de como a uni\u00e3o de esfor\u00e7os pode gerar resultados positivos e impactantes para a sociedade.<\/p>\n<p>A pr\u00f3xima edi\u00e7\u00e3o do Desafio promete mais sabor, criatividade e dedica\u00e7\u00e3o por parte das merendeiras, fortalecendo ainda mais o compromisso de Chapad\u00e3o do Sul com a promo\u00e7\u00e3o do bem-estar e desenvolvimento integral das crian\u00e7as.<\/p>\n<p><img decoding=\"async\" src=\"http:\/\/www.chapadaodosul.ms.gov.br\/admin\/arquivos\/imagem\/IMG_1246.JPG\" \/><img decoding=\"async\" src=\"http:\/\/www.chapadaodosul.ms.gov.br\/admin\/arquivos\/imagem\/IMG_1249.JPG\" \/><img decoding=\"async\" src=\"http:\/\/www.chapadaodosul.ms.gov.br\/admin\/arquivos\/imagem\/IMG_1312.JPG\" \/><\/p>\n","protected":false},"excerpt":{"rendered":"<p>Na \u00faltima quinta-feira, 17, a cidade de Chapad\u00e3o do Sul foi palco da emocionante Segunda Edi\u00e7\u00e3o do Desafio Estadual das Merendeiras, uma competi\u00e7\u00e3o culin\u00e1ria que reuniu talentosas profissionais da \u00e1rea de alimenta\u00e7\u00e3o escolar. O evento, resultado de uma parceria entre a Prefeitura de Chapad\u00e3o do Sul e o SEBRAE, teve como objetivo promover a troca [&hellip;]<\/p>\n","protected":false},"author":4,"featured_media":248919,"comment_status":"closed","ping_status":"closed","sticky":false,"template":"","format":"standard","meta":{"footnotes":""},"categories":[23,41],"tags":[],"class_list":["post-248917","post","type-post","status-publish","format-standard","has-post-thumbnail","hentry","category-chapadao-do-sul","category-destaque"],"_links":{"self":[{"href":"https:\/\/www.ocorreionews.com.br\/acervo-correio\/index.php?rest_route=\/wp\/v2\/posts\/248917","targetHints":{"allow":["GET"]}}],"collection":[{"href":"https:\/\/www.ocorreionews.com.br\/acervo-correio\/index.php?rest_route=\/wp\/v2\/posts"}],"about":[{"href":"https:\/\/www.ocorreionews.com.br\/acervo-correio\/index.php?rest_route=\/wp\/v2\/types\/post"}],"author":[{"embeddable":true,"href":"https:\/\/www.ocorreionews.com.br\/acervo-correio\/index.php?rest_route=\/wp\/v2\/users\/4"}],"replies":[{"embeddable":true,"href":"https:\/\/www.ocorreionews.com.br\/acervo-correio\/index.php?rest_route=%2Fwp%2Fv2%2Fcomments&post=248917"}],"version-history":[{"count":1,"href":"https:\/\/www.ocorreionews.com.br\/acervo-correio\/index.php?rest_route=\/wp\/v2\/posts\/248917\/revisions"}],"predecessor-version":[{"id":248920,"href":"https:\/\/www.ocorreionews.com.br\/acervo-correio\/index.php?rest_route=\/wp\/v2\/posts\/248917\/revisions\/248920"}],"wp:featuredmedia":[{"embeddable":true,"href":"https:\/\/www.ocorreionews.com.br\/acervo-correio\/index.php?rest_route=\/wp\/v2\/media\/248919"}],"wp:attachment":[{"href":"https:\/\/www.ocorreionews.com.br\/acervo-correio\/index.php?rest_route=%2Fwp%2Fv2%2Fmedia&parent=248917"}],"wp:term":[{"taxonomy":"category","embeddable":true,"href":"https:\/\/www.ocorreionews.com.br\/acervo-correio\/index.php?rest_route=%2Fwp%2Fv2%2Fcategories&post=248917"},{"taxonomy":"post_tag","embeddable":true,"href":"https:\/\/www.ocorreionews.com.br\/acervo-correio\/index.php?rest_route=%2Fwp%2Fv2%2Ftags&post=248917"}],"curies":[{"name":"wp","href":"https:\/\/api.w.org\/{rel}","templated":true}]}}