{"id":248921,"date":"2023-08-18T14:18:09","date_gmt":"2023-08-18T18:18:09","guid":{"rendered":"https:\/\/www.ocorreionews.com.br\/acervo-correio\/?p=248921"},"modified":"2023-08-18T14:18:09","modified_gmt":"2023-08-18T18:18:09","slug":"programa-ms-saude-costa-rica-inicia-acoes-para-melhorar-a-saude-regional","status":"publish","type":"post","link":"https:\/\/www.ocorreionews.com.br\/acervo-correio\/?p=248921","title":{"rendered":"Programa MS Sa\u00fade: Costa Rica inicia a\u00e7\u00f5es para melhorar a sa\u00fade regional"},"content":{"rendered":"<div class=\"ntc_cont_descricao_noticia sw_txteditor\">Nesta sexta-feira, 18 de agosto, a Prefeitura de Costa Rica, Secretaria Municipal de Sa\u00fade, Funda\u00e7\u00e3o Hospitalar de Costa Rica (FHCR) e o Governo do Estado deram in\u00edcio em Costa Rica ao Programa MS Sa\u00fade, uma iniciativa ambiciosa com o objetivo de reduzir as filas de espera para cirurgias no Estado de Mato Grosso do Sul e atender \u00e0 demanda de toda a regi\u00e3o. O programa, intitulado &#8220;Mais Sa\u00fade e Menos Fila&#8221;, faz parte de uma estrat\u00e9gia para fortalecer a pol\u00edtica de regionaliza\u00e7\u00e3o do acesso \u00e0 sa\u00fade.<\/p>\n<p>Com uma pactua\u00e7\u00e3o dos procedimentos com o Estado, o programa busca n\u00e3o apenas atender a popula\u00e7\u00e3o de Costa Rica, mas tamb\u00e9m resolver a demanda reprimida de outros munic\u00edpios do Estado. A expectativa \u00e9 que as filas de espera sejam eliminadas, permitindo que todos os cidad\u00e3os tenham acesso igualit\u00e1rio aos servi\u00e7os de sa\u00fade em todas as regi\u00f5es.<\/p><\/div>\n<div class=\"ntc_cont_descricao_noticia sw_txteditor\"><img decoding=\"async\" class=\"imgcentraliza\" src=\"https:\/\/www.costarica.ms.gov.br\/fotos\/7c0437da50cfe695dff7e87d0ab49980.jpg\" alt=\"Foto Noticia Principal Grande\" \/><\/p>\n<p>A Funda\u00e7\u00e3o Hospitalar de Costa Rica est\u00e1 empenhada em oferecer um atendimento de qualidade e \u00e1gil para a popula\u00e7\u00e3o, apostando na efici\u00eancia e no aprimoramento dos servi\u00e7os hospitalares. Com uma equipe m\u00e9dica altamente capacitada e uma infraestrutura moderna, o programa MS Sa\u00fade pretende transformar a realidade da sa\u00fade na regi\u00e3o.<\/p>\n<p>A estrat\u00e9gia de regionaliza\u00e7\u00e3o \u00e9 fundamental para garantir que cada cidad\u00e3o tenha acesso a servi\u00e7os de sa\u00fade de qualidade, independentemente de onde se encontre. Al\u00e9m de eliminar as filas de espera para cirurgias, o programa tamb\u00e9m busca aliviar a sobrecarga em hospitais de outras cidades, direcionando a demanda para onde h\u00e1 capacidade de atendimento.<\/p>\n<p>O Programa MS Sa\u00fade \u00e9 fruto de uma parceria s\u00f3lida entre o munic\u00edpio de Costa Rica e o Estado de Mato Grosso do Sul. Essa coopera\u00e7\u00e3o refor\u00e7a o compromisso conjunto em oferecer um sistema de sa\u00fade mais equitativo e humanizado para a popula\u00e7\u00e3o. Com a realiza\u00e7\u00e3o das primeiras cirurgias, o Programa MS Sa\u00fade caminha rumo a um futuro promissor, onde a sa\u00fade \u00e9 uma prioridade e as filas de espera ser\u00e3o apenas uma lembran\u00e7a do passado.<\/p>\n<p>\u201cMS Sa\u00fade: Mais Sa\u00fade, Menos Fila\u201d. O Programa leva consultas, exames e cirurgias \u00e0 popula\u00e7\u00e3o dos 79 munic\u00edpios de MS e atende a demanda reprimida. A popula\u00e7\u00e3o de Costa Rica e de outros munic\u00edpios do Estado podem contar agora com um sistema de sa\u00fade mais robusto e eficiente, que coloca a sa\u00fade e o bem-estar dos cidad\u00e3os em primeiro lugar. O Programa MS Sa\u00fade \u00e9 uma iniciativa que traz esperan\u00e7a para a regi\u00e3o e demonstra o comprometimento das autoridades em melhorar a qualidade de vida da popula\u00e7\u00e3o atrav\u00e9s do acesso \u00e0 sa\u00fade.<\/p><\/div>\n<p>&nbsp;<\/p>\n<p><img decoding=\"async\" class=\"imgcentraliza\" src=\"https:\/\/www.costarica.ms.gov.br\/fotos\/a295ae1da93f2c970252900aa6b77b7f.jpg\" alt=\"Foto Noticia Principal Grande\" \/><\/p>\n<div class=\"ntc_area_info_noticia sw_lato\">\n<div>\n<div class=\"ntc_info_noticia\"><strong class=\"sw_lato_black\">Fonte: <\/strong>Assessoria de Comunica\u00e7\u00e3o \/ PMCR &#8211; <strong class=\"sw_lato_black\">\u00a0<\/strong>Silvestre de Castro<\/div>\n<\/div>\n<\/div>\n","protected":false},"excerpt":{"rendered":"<p>Nesta sexta-feira, 18 de agosto, a Prefeitura de Costa Rica, Secretaria Municipal de Sa\u00fade, Funda\u00e7\u00e3o Hospitalar de Costa Rica (FHCR) e o Governo do Estado deram in\u00edcio em Costa Rica ao Programa MS Sa\u00fade, uma iniciativa ambiciosa com o objetivo de reduzir as filas de espera para cirurgias no Estado de Mato Grosso do Sul [&hellip;]<\/p>\n","protected":false},"author":5,"featured_media":248931,"comment_status":"closed","ping_status":"closed","sticky":false,"template":"","format":"standard","meta":{"footnotes":""},"categories":[25,39],"tags":[],"class_list":["post-248921","post","type-post","status-publish","format-standard","has-post-thumbnail","hentry","category-costa-rica","category-saude"],"_links":{"self":[{"href":"https:\/\/www.ocorreionews.com.br\/acervo-correio\/index.php?rest_route=\/wp\/v2\/posts\/248921","targetHints":{"allow":["GET"]}}],"collection":[{"href":"https:\/\/www.ocorreionews.com.br\/acervo-correio\/index.php?rest_route=\/wp\/v2\/posts"}],"about":[{"href":"https:\/\/www.ocorreionews.com.br\/acervo-correio\/index.php?rest_route=\/wp\/v2\/types\/post"}],"author":[{"embeddable":true,"href":"https:\/\/www.ocorreionews.com.br\/acervo-correio\/index.php?rest_route=\/wp\/v2\/users\/5"}],"replies":[{"embeddable":true,"href":"https:\/\/www.ocorreionews.com.br\/acervo-correio\/index.php?rest_route=%2Fwp%2Fv2%2Fcomments&post=248921"}],"version-history":[{"count":1,"href":"https:\/\/www.ocorreionews.com.br\/acervo-correio\/index.php?rest_route=\/wp\/v2\/posts\/248921\/revisions"}],"predecessor-version":[{"id":248932,"href":"https:\/\/www.ocorreionews.com.br\/acervo-correio\/index.php?rest_route=\/wp\/v2\/posts\/248921\/revisions\/248932"}],"wp:featuredmedia":[{"embeddable":true,"href":"https:\/\/www.ocorreionews.com.br\/acervo-correio\/index.php?rest_route=\/wp\/v2\/media\/248931"}],"wp:attachment":[{"href":"https:\/\/www.ocorreionews.com.br\/acervo-correio\/index.php?rest_route=%2Fwp%2Fv2%2Fmedia&parent=248921"}],"wp:term":[{"taxonomy":"category","embeddable":true,"href":"https:\/\/www.ocorreionews.com.br\/acervo-correio\/index.php?rest_route=%2Fwp%2Fv2%2Fcategories&post=248921"},{"taxonomy":"post_tag","embeddable":true,"href":"https:\/\/www.ocorreionews.com.br\/acervo-correio\/index.php?rest_route=%2Fwp%2Fv2%2Ftags&post=248921"}],"curies":[{"name":"wp","href":"https:\/\/api.w.org\/{rel}","templated":true}]}}