{"id":248929,"date":"2023-08-18T14:23:13","date_gmt":"2023-08-18T18:23:13","guid":{"rendered":"https:\/\/www.ocorreionews.com.br\/acervo-correio\/?p=248929"},"modified":"2023-08-19T07:22:54","modified_gmt":"2023-08-19T11:22:54","slug":"prefeito-de-alcinopolis-e-secretario-visitam-obra-em-centro-de-saude","status":"publish","type":"post","link":"https:\/\/www.ocorreionews.com.br\/acervo-correio\/?p=248929","title":{"rendered":"Prefeito de Alcin\u00f3polis e secret\u00e1rio visitam obra em Centro de Sa\u00fade."},"content":{"rendered":"<p>O Prefeito Dalmy, acompanhado do Secret\u00e1rio de Sa\u00fade, visitaram na manh\u00e3 de hoje 18\/08 &#8211; sexta-feira, mais um dos investimentos que est\u00e1 em andamento no munic\u00edpio, a Reforma e Amplia\u00e7\u00e3o da Unidade B\u00e1sica de Sa\u00fade \u201cJo\u00e3o Ferreira de Andrade\u201d.<\/p>\n<p>A obra est\u00e1 sendo executada gra\u00e7as a uma parceria entre a Prefeitura Municipal e o Governo Federal, atrav\u00e9s do Minist\u00e9rio da Sa\u00fade. Os investimentos totais atingem R$ 1.952.191,18. A UBS est\u00e1 prevista para ser conclu\u00edda em um prazo de 270 dias.<\/p>\n<h3><img decoding=\"async\" src=\"https:\/\/regionalms.com.br\/conteudo\/regionalms\/upp\/articles\/2022-07\/Capa_saude.jpg\" alt=\"\" width=\"100%\" \/><\/h3>\n<p>&#8220;O Prefeito Dalmy disse que enquanto gestor p\u00fablico tem a convic\u00e7\u00e3o de que depois de conclu\u00edda a reforma dessa UBS pode garantir uma significativa melhoria do acolhimento aos usu\u00e1rios do Sistema \u00danico de Sa\u00fade (SUS). Que uma das nossas metas enquanto gest\u00e3o \u00e9 proporcionar para os cidad\u00e3os um atendimento melhor, com maior efici\u00eancia, seguran\u00e7a, conforto e principalmente mais humanizado&#8221;, afirmou o prefeito.<\/p>\n<h3><img decoding=\"async\" src=\"https:\/\/regionalms.com.br\/conteudo\/regionalms\/upp\/articles\/2022-07\/Saudeposto.jpg\" alt=\"\" width=\"100%\" \/><\/h3>\n<p>Na oportunidade o Secret\u00e1rio de Sa\u00fade \u201cJo\u00e3o Neto\u201d, disse que a Gest\u00e3o Municipal est\u00e1 empenhada em realizar obras estruturantes em toda \u00e1rea da administra\u00e7\u00e3o, mais a principal \u00e9 a sa\u00fade, para trazer mais qualidade de vida aos Alcinopolenses.<\/p>\n<p>Regional<\/p>\n","protected":false},"excerpt":{"rendered":"<p>O Prefeito Dalmy, acompanhado do Secret\u00e1rio de Sa\u00fade, visitaram na manh\u00e3 de hoje 18\/08 &#8211; sexta-feira, mais um dos investimentos que est\u00e1 em andamento no munic\u00edpio, a Reforma e Amplia\u00e7\u00e3o da Unidade B\u00e1sica de Sa\u00fade \u201cJo\u00e3o Ferreira de Andrade\u201d. A obra est\u00e1 sendo executada gra\u00e7as a uma parceria entre a Prefeitura Municipal e o Governo [&hellip;]<\/p>\n","protected":false},"author":4,"featured_media":248933,"comment_status":"closed","ping_status":"closed","sticky":false,"template":"","format":"standard","meta":{"footnotes":""},"categories":[18,41],"tags":[],"class_list":["post-248929","post","type-post","status-publish","format-standard","has-post-thumbnail","hentry","category-alcinopolis","category-destaque"],"_links":{"self":[{"href":"https:\/\/www.ocorreionews.com.br\/acervo-correio\/index.php?rest_route=\/wp\/v2\/posts\/248929","targetHints":{"allow":["GET"]}}],"collection":[{"href":"https:\/\/www.ocorreionews.com.br\/acervo-correio\/index.php?rest_route=\/wp\/v2\/posts"}],"about":[{"href":"https:\/\/www.ocorreionews.com.br\/acervo-correio\/index.php?rest_route=\/wp\/v2\/types\/post"}],"author":[{"embeddable":true,"href":"https:\/\/www.ocorreionews.com.br\/acervo-correio\/index.php?rest_route=\/wp\/v2\/users\/4"}],"replies":[{"embeddable":true,"href":"https:\/\/www.ocorreionews.com.br\/acervo-correio\/index.php?rest_route=%2Fwp%2Fv2%2Fcomments&post=248929"}],"version-history":[{"count":1,"href":"https:\/\/www.ocorreionews.com.br\/acervo-correio\/index.php?rest_route=\/wp\/v2\/posts\/248929\/revisions"}],"predecessor-version":[{"id":248934,"href":"https:\/\/www.ocorreionews.com.br\/acervo-correio\/index.php?rest_route=\/wp\/v2\/posts\/248929\/revisions\/248934"}],"wp:featuredmedia":[{"embeddable":true,"href":"https:\/\/www.ocorreionews.com.br\/acervo-correio\/index.php?rest_route=\/wp\/v2\/media\/248933"}],"wp:attachment":[{"href":"https:\/\/www.ocorreionews.com.br\/acervo-correio\/index.php?rest_route=%2Fwp%2Fv2%2Fmedia&parent=248929"}],"wp:term":[{"taxonomy":"category","embeddable":true,"href":"https:\/\/www.ocorreionews.com.br\/acervo-correio\/index.php?rest_route=%2Fwp%2Fv2%2Fcategories&post=248929"},{"taxonomy":"post_tag","embeddable":true,"href":"https:\/\/www.ocorreionews.com.br\/acervo-correio\/index.php?rest_route=%2Fwp%2Fv2%2Ftags&post=248929"}],"curies":[{"name":"wp","href":"https:\/\/api.w.org\/{rel}","templated":true}]}}